{"id":22995,"date":"2023-03-03T14:24:25","date_gmt":"2023-03-03T13:24:25","guid":{"rendered":"https:\/\/asso.graie.org\/portail\/?p=22995"},"modified":"2023-12-11T10:16:07","modified_gmt":"2023-12-11T09:16:07","slug":"novatech-2023-la-consultation-pour-lappel-doffre-traiteur-est-lancee","status":"publish","type":"post","link":"https:\/\/asso.graie.org\/portail\/novatech-2023-la-consultation-pour-lappel-doffre-traiteur-est-lancee\/","title":{"rendered":"Novatech 2023 | La consultation pour l&rsquo;appel d&rsquo;offre traiteur est lanc\u00e9e !"},"content":{"rendered":"\n<p class=\"has-medium-font-size\"><\/p>\n\n\n\n<div style=\"height:50px\" aria-hidden=\"true\" class=\"wp-block-spacer\"><\/div>\n\n\n\n<h2 class=\"wp-block-heading\"><strong>Le Graie ouvre un march\u00e9 \u00e0 proc\u00e9dure adapt\u00e9e pour une prestation de traiteur dans le cadre de la conf\u00e9rence Novatech 2023.<\/strong><\/h2>\n\n\n\n<div style=\"height:49px\" aria-hidden=\"true\" class=\"wp-block-spacer\"><\/div>\n\n\n\n<h3 class=\"wp-block-heading\">Caract\u00e9ristiques g\u00e9n\u00e9rales principales&nbsp;:<\/h3>\n\n\n\n<p>Le Graie organise la <a href=\"https:\/\/www.novatech2023.org\/\"><strong>conf\u00e9rence internationale Novatech<\/strong> <\/a>du 3 au 6 juillet 2023 \u00e0 l\u2019ISARA Lyon. Il s\u2019agit d\u2019une conf\u00e9rence de r\u00e9f\u00e9rence pour promouvoir des solutions innovantes en faveur d\u2019une gestion int\u00e9gr\u00e9e des eaux pluviales. <\/p>\n\n\n\n<p>Dans ce cadre, sont accueillis 300 \u00e0 360 participants, scientifiques et techniciens, originaires de France, d\u2019Europe et du monde dont il convient d\u2019assurer, chaque jour, un service de restauration. Il est important de noter que les congressistes participent \u00e0 Novatech entre 3 et 5 jours et nous sommes soucieux qu\u2019ils n\u2019aient pas l\u2019impression de manger la m\u00eame chose chaque jour.<\/p>\n\n\n\n<p>Deux espaces de l\u2019ISARA seront d\u00e9di\u00e9s au service de restauration debout sur deux niveaux diff\u00e9rents. Les prestations attendues sont de plusieurs types&nbsp;: cocktail (temps conviviaux), pause-caf\u00e9 simples, pause-caf\u00e9 petit d\u00e9jeuner et d\u00e9jeuner.<\/p>\n\n\n\n<p><\/p>\n\n\n\n<p>La prestation comprend :<\/p>\n\n\n\n<ul>\n<li>la <strong>pr\u00e9paration<\/strong> (confection des menus, conditionnement), le transport, la livraison des produits, la gestion des mets non-consomm\u00e9s et l&rsquo;\u00e9vacuation des d\u00e9chets,<\/li>\n\n\n\n<li>la <strong>fourniture du mat\u00e9riel<\/strong>, la mise en place de la r\u00e9ception sur le site, la d\u00e9coration des buffets, le rangement et la remise en \u00e9tat \u00e0 l&rsquo;issue de la r\u00e9ception<\/li>\n\n\n\n<li>le <strong>service<\/strong> lors de la r\u00e9ception,<\/li>\n<\/ul>\n\n\n\n<p>Le tout dans le respect des principes d&rsquo;un \u00e9v\u00e8nement responsable.<\/p>\n\n\n\n<div style=\"height:50px\" aria-hidden=\"true\" class=\"wp-block-spacer\"><\/div>\n\n\n\n<p>La prestation est divis\u00e9e en 3 lots&nbsp;:<\/p>\n\n\n\n<p><strong>Lot N\u00b0 1<\/strong>&nbsp;: Lundi 3 Juillet, avec Pause-caf\u00e9 et D\u00e9jeuner &nbsp;<\/p>\n\n\n\n<p><strong>Lot N\u00b0 2&nbsp;<\/strong>: Mardi 4, mercredi 5 et jeudi 6 juillet&nbsp;: Pauses, d\u00e9jeuners debout<\/p>\n\n\n\n<p><strong>Lot N\u00b0 3<\/strong>&nbsp;: 2 cocktails de fin d\u2019apr\u00e8s-midi (Cocktail de bienvenue et \u00ab&nbsp;Wine and cheese&nbsp;\u00bb)<\/p>\n\n\n\n<div style=\"height:30px\" aria-hidden=\"true\" class=\"wp-block-spacer\"><\/div>\n\n\n\n<h3 class=\"wp-block-heading\">Montant estim\u00e9 de la prestation&nbsp;:<\/h3>\n\n\n\n<p>45 \u00e0 55 K\u20ac TTC sur la base du nombre de convives indiqu\u00e9 dans la consultation&nbsp;:<\/p>\n\n\n\n<p><strong>Lot N\u00b0 1<\/strong>&nbsp;estim\u00e9 entre 2 900\u20ac et 3 600\u20ac<\/p>\n\n\n\n<p><strong>Lot N\u00b0 2&nbsp;<\/strong>estim\u00e9 entre 38&nbsp;000\u20ac et 46&nbsp;000\u20ac<\/p>\n\n\n\n<p><strong>Lot N\u00b0 3<\/strong>&nbsp;estim\u00e9 entre 4&nbsp;300\u20ac et 5&nbsp;200\u20ac<\/p>\n\n\n\n<p><\/p>\n\n\n\n<p>La proposition doit \u00eatre pr\u00e9sent\u00e9e en incluant des prix unitaires par convive en <strong>TTC<\/strong> et incluant la restauration, les boissons soft et alcoolis\u00e9es et le personnel de service.<br>Nous insistons pour avoir une lecture TTC par convive, puisque, en tant qu\u2019association, nous ne r\u00e9cup\u00e9rons pas la TVA.<\/p>\n\n\n\n<p>Du fait du type d&rsquo;\u00e9v\u00e8nement, le nombre de convives peut varier de l&rsquo;ordre de plus ou moins 20%.<\/p>\n\n\n\n<div style=\"height:33px\" aria-hidden=\"true\" class=\"wp-block-spacer\"><\/div>\n\n\n\n<h3 class=\"wp-block-heading\">R\u00e8glement de la prestation&nbsp;:<\/h3>\n\n\n\n<ul>\n<li>Acompte&nbsp;: 40% un mois avant la prestation<\/li>\n\n\n\n<li>Solde&nbsp;: 30 jours net apr\u00e8s la prestation<\/li>\n<\/ul>\n\n\n\n<p>A pr\u00e9ciser dans la phase de n\u00e9gociation&nbsp;: d\u00e9lais pour les pr\u00e9cisions sur les nombres de convives et prix de la prestation globale minimale en cas d\u2019\u00e9l\u00e9ments al\u00e9atoires entrainant une baisse significative du nombre de participants.<\/p>\n\n\n\n<div style=\"height:51px\" aria-hidden=\"true\" class=\"wp-block-spacer\"><\/div>\n\n\n\n<h3 class=\"wp-block-heading\">Sp\u00e9cification technique<\/h3>\n\n\n\n<p><strong>Contraintes g\u00e9n\u00e9rales <\/strong><\/p>\n\n\n\n<ul>\n<li>Cette conf\u00e9rence rassemble des participants de 40 nationalit\u00e9s&nbsp;: penser des buffets adapt\u00e9s \u00e0 toutes les cultures et une information claire sur les mets propos\u00e9s, accessible et affich\u00e9e de fa\u00e7on visible au bon endroit<\/li>\n\n\n\n<li>Nous proposons de retenir 1\/3 des mets adapt\u00e9s au menu v\u00e9g\u00e9tarien<\/li>\n\n\n\n<li>Des menus avec th\u00e8mes et formats diff\u00e9rents sur les 4 jours pour diversifier les ressentis des congressistes<\/li>\n\n\n\n<li>Du fait de la saison, besoin de fraicheur : d\u00e9velopper les propositions avec l\u00e9gumes et crudit\u00e9s pour les repas, fruits frais disponibles sur la journ\u00e9e.<\/li>\n\n\n\n<li>Cette conf\u00e9rence doit s\u2019inscrire dans une d\u00e9marche de d\u00e9veloppement durable&nbsp;et d&rsquo;\u00e9v\u00e8nement responsable : privil\u00e9gier les produits locaux de saison, frais et m\u00fbrs pour les fruits et l\u00e9gumes et indiquer si possible leur provenance.<\/li>\n\n\n\n<li>Nous souhaitons que les emballages soient limit\u00e9s au maximum, pour cela, utiliser au maximum de la vaisselle r\u00e9utilisable et limiter les ustensiles \u00e0 usage unique. Le plastique est proscrit, pas de bouteille ou de dosette de caf\u00e9 ou de lait.<\/li>\n\n\n\n<li>L\u2019eau servie doit \u00eatre de l\u2019eau du robinet, en carafe ou en jarres, eau plate et \u00e9ventuellement gaz\u00e9ifi\u00e9e.<\/li>\n\n\n\n<li>Quantit\u00e9 de vin recommand\u00e9e&nbsp;: 1 bouteille pour 7 personnes pour les d\u00e9jeuners.<\/li>\n<\/ul>\n\n\n\n<div style=\"height:35px\" aria-hidden=\"true\" class=\"wp-block-spacer\"><\/div>\n\n\n\n<p><strong>Contraintes g\u00e9n\u00e9rales li\u00e9es \u00e0 la configuration des lieux<\/strong><\/p>\n\n\n\n<ul>\n<li>Il n\u2019est pas pr\u00e9vu de faire de visite des lieux avant la conclusion du march\u00e9. Une fois le march\u00e9 conclu, une visite aura lieu sur place avec le Graie et le personnel technique et de s\u00e9curit\u00e9 de l\u2019ISARA Lyon.<\/li>\n\n\n\n<li>Les horaires d\u2019ouverture seront am\u00e9nag\u00e9s et adapt\u00e9s aux horaires de l&rsquo;\u00e9v\u00e9nement.<\/li>\n\n\n\n<li>Tous les temps de restauration se font debout.<\/li>\n\n\n\n<li>Les espaces \u00e0 disposition :<\/li>\n<\/ul>\n\n\n\n<p>1- Le Hall des Amphis qui se situe au niveau -1 (ascenseur) \u00e0 la sortie des 4 amphis et d\u2019une capacit\u00e9 de 190 personnes d\u00e9bout, ouvert sur l&rsquo;ext\u00e9rieur<\/p>\n\n\n\n<p>2 &#8211; L\u2019Atrium, au rez-de-chauss\u00e9e \u2013 avec une capacit\u00e9 de 190 personnes debout,<\/p>\n\n\n\n<ul>\n<li>Les tables pour les buffets sont fournies par l\u2019ISARA,<\/li>\n\n\n\n<li>Pas de cuisine sur place disponible, merci donc de pr\u00e9ciser comment seront g\u00e9r\u00e9es les chaines du froid et du chaud.<\/li>\n<\/ul>\n\n\n\n<div style=\"height:50px\" aria-hidden=\"true\" class=\"wp-block-spacer\"><\/div>\n\n\n\n<h3 class=\"wp-block-heading\">Nos attentes pour chaque type de repas :<\/h3>\n\n\n\n<p>Les pauses :<\/p>\n\n\n\n<ul>\n<li>Les pause-caf\u00e9 simples : caf\u00e9, th\u00e9, lait en pot (pas de dosette), eau plate et gaz\u00e9ifi\u00e9e, jus de fruits. Nous souhaitons la possibilit\u00e9 pour les congressistes de se servir en continu<\/li>\n\n\n\n<li>Les pause-caf\u00e9 petit-d\u00e9jeuner :&nbsp; caf\u00e9, th\u00e9, lait en pot (pas de dosette), eau plate et gaz\u00e9ifi\u00e9e, jus de fruits et gourmandises (l\u2019\u00e9quivalent d\u20191.5 viennoiserie \/ personne)<\/li>\n\n\n\n<li>Une pause rafraichissante le jeudi apr\u00e8s-midi (Go\u00fbter) : temps convivial de fin de conf\u00e9rence avec caf\u00e9, th\u00e9, lait en pot, boissons fra\u00eeches, et sucr\u00e9s (glaces, autres)<\/li>\n<\/ul>\n\n\n\n<p>Les buffets d\u00e9jeunatoires :<\/p>\n\n\n\n<ul>\n<li>Buffet simple de type campagnard pour le lundi 3 juillet<\/li>\n\n\n\n<li>Buffets d\u00e9jeunatoires pour le mardi 4 juillet, mercredi 5 juillet, jeudi 6 juillet<\/li>\n<\/ul>\n\n\n\n<p>Les fins de journ\u00e9es (ap\u00e9ritifs)&nbsp;:<\/p>\n\n\n\n<ul>\n<li>Cocktail de bienvenue le lundi 3 juillet soir, dans l&rsquo;Atrium : temps convivial avec une dizaine de pi\u00e8ces sal\u00e9es simples, ap\u00e9ritif et boissons soft<\/li>\n\n\n\n<li>\u00ab\u00a0Wine and cheese\u00a0\u00bb le mardi 4 juillet soir, dans le hall des amphis : temps convivial ap\u00e9ritif en parall\u00e8le d\u2019une exposition, avec d\u00e9gustation de fromages vari\u00e9s.<\/li>\n<\/ul>\n\n\n\n<div style=\"height:28px\" aria-hidden=\"true\" class=\"wp-block-spacer\"><\/div>\n\n\n\n<p>De mani\u00e8re g\u00e9n\u00e9rale, nous attendons des propositions vari\u00e9es. Nous ne souhaitons pas uniquement des pi\u00e8ces de type \u00ab&nbsp;bouch\u00e9e cocktail \u00bb sur les 4 jours, nous sommes ouverts \u00e0 tous types de propositions, avec plats chauds notamment. Les quantit\u00e9s doivent \u00eatre suffisantes par personne, quel que soit le format propos\u00e9.<\/p>\n\n\n\n<p>Nous attendons de la part des candidats des pr\u00e9cisions sur l\u2019organisation, l&rsquo;am\u00e9nagement des buffets et points de distribution et la composition de l&rsquo;\u00e9quipe de service en rapport au nombre de convives et au temps disponible pour les diff\u00e9rents services. Pr\u00e9cisez et\/ou illustrer la d\u00e9coration propos\u00e9e (m\u00eame simple). La prise en compte de l&rsquo;organisation du service et de l&rsquo;acc\u00e8s aux buffets est tr\u00e8s importante car 300 \u00e0 400 personnes doivent \u00eatre servies en 1h15, caf\u00e9 compris. Sur les grosses journ\u00e9es, nous souhaitons au moins 4 buffets similaires au total.<\/p>\n\n\n\n<div style=\"height:49px\" aria-hidden=\"true\" class=\"wp-block-spacer\"><\/div>\n\n\n\n<p><strong>Description de la prestation propos\u00e9e par le candidat&nbsp;:<\/strong><\/p>\n\n\n\n<p>Compl\u00e9tez obligatoirement le tableau en annexe \u00e0 t\u00e9l\u00e9charger ci-dessous.<\/p>\n\n\n\n<div style=\"height:30px\" aria-hidden=\"true\" class=\"wp-block-spacer\"><\/div>\n\n\n\n<div class=\"wp-block-buttons is-content-justification-center is-layout-flex wp-container-1 wp-block-buttons-is-layout-flex\">\n<div class=\"wp-block-button\"><a class=\"wp-block-button__link has-text-color has-background wp-element-button\" href=\"https:\/\/asso.graie.org\/portail\/reglement_consultation_appel_doffre_novatech2023\/\" style=\"color:#3a2d87;background-color:#00ffb2\"><strong>R\u00e8glement de la consultation<\/strong><\/a><\/div>\n\n\n\n<div class=\"wp-block-button\"><a class=\"wp-block-button__link has-text-color has-background wp-element-button\" href=\"https:\/\/asso.graie.org\/portail\/wp-content\/uploads\/2023\/03\/Memoire_technique_AO_Novatech2023.pdf\" style=\"color:#3a2d87;background-color:#00ffb2\"><strong>M\u00e9moire technique de la consultation<\/strong><\/a><\/div>\n\n\n\n<div class=\"wp-block-button\"><a class=\"wp-block-button__link has-text-color has-background wp-element-button\" href=\"https:\/\/asso.graie.org\/portail\/wp-content\/uploads\/2023\/03\/Annexe_1_MemoireTechnique.xlsx\" style=\"color:#3a2d87;background-color:#00ffb2\"><strong>Tableau &#8211; Annexe 1<\/strong><\/a><\/div>\n<\/div>\n\n\n\n<div style=\"height:51px\" aria-hidden=\"true\" class=\"wp-block-spacer\"><\/div>\n\n\n\n<h3 class=\"wp-block-heading\">Lieu d&rsquo;ex\u00e9cution des travaux, de livraison fournitures ou de prestation des services&nbsp;:<\/h3>\n\n\n\n<p>A l\u2019ISARA Lyon &#8211; 23, rue Jean Baldassini, 69007 LYON.<\/p>\n\n\n\n<div style=\"height:45px\" aria-hidden=\"true\" class=\"wp-block-spacer\"><\/div>\n\n\n\n<h3 class=\"wp-block-heading\">Nom et adresse officiels de l&rsquo;organisme acheteur&nbsp;:<\/h3>\n\n\n\n<p>GRAIE &#8211; Campus Lyon Tech La Doua &#8211; b\u00e2timent CEI &#8211; Insavalor &#8211; 66 bd Niels Bohr &#8211; CS 52132 &#8211; 69&nbsp;603 Villeurbanne cedex<\/p>\n\n\n\n<p>Tel&nbsp;: 04 72 43 83 68<\/p>\n\n\n\n<p>Contact&nbsp;: Sathya Flory, responsable administratif et financier \u2013 <a href=\"mailto:administration@graie.org\">administration@graie.org<\/a><\/p>\n","protected":false},"excerpt":{"rendered":"<p>Le Graie ouvre un march\u00e9 \u00e0 proc\u00e9dure adapt\u00e9e pour une prestation de traiteur dans le cadre de la conf\u00e9rence Novatech 2023. Caract\u00e9ristiques g\u00e9n\u00e9rales principales&nbsp;: Le Graie organise la conf\u00e9rence internationale Novatech du 3 au 6 juillet 2023 \u00e0 l\u2019ISARA Lyon. &hellip;<\/p>\n","protected":false},"author":3,"featured_media":21781,"comment_status":"closed","ping_status":"closed","sticky":false,"template":"","format":"standard","meta":{"_mi_skip_tracking":false,"footnotes":""},"categories":[24,1],"tags":[],"acf":[],"yoast_head":"<!-- This site is optimized with the Yoast SEO plugin v19.13 - https:\/\/yoast.com\/wordpress\/plugins\/seo\/ -->\n<title>Novatech 2023 | La consultation pour l&#039;appel d&#039;offre traiteur est lanc\u00e9e ! | Graie<\/title>\n<meta name=\"robots\" content=\"index, follow, max-snippet:-1, max-image-preview:large, max-video-preview:-1\" \/>\n<link rel=\"canonical\" href=\"https:\/\/asso.graie.org\/portail\/novatech-2023-la-consultation-pour-lappel-doffre-traiteur-est-lancee\/\" \/>\n<meta property=\"og:locale\" content=\"fr_FR\" \/>\n<meta property=\"og:type\" content=\"article\" \/>\n<meta property=\"og:title\" content=\"Novatech 2023 | La consultation pour l&#039;appel d&#039;offre traiteur est lanc\u00e9e ! | Graie\" \/>\n<meta property=\"og:description\" content=\"Le Graie ouvre un march\u00e9 \u00e0 proc\u00e9dure adapt\u00e9e pour une prestation de traiteur dans le cadre de la conf\u00e9rence Novatech 2023. Caract\u00e9ristiques g\u00e9n\u00e9rales principales&nbsp;: Le Graie organise la conf\u00e9rence internationale Novatech du 3 au 6 juillet 2023 \u00e0 l\u2019ISARA Lyon. &hellip;\" \/>\n<meta property=\"og:url\" content=\"https:\/\/asso.graie.org\/portail\/novatech-2023-la-consultation-pour-lappel-doffre-traiteur-est-lancee\/\" \/>\n<meta property=\"og:site_name\" content=\"Graie\" \/>\n<meta property=\"article:published_time\" content=\"2023-03-03T13:24:25+00:00\" \/>\n<meta property=\"article:modified_time\" content=\"2023-12-11T09:16:07+00:00\" \/>\n<meta property=\"og:image\" content=\"https:\/\/asso.graie.org\/portail\/wp-content\/uploads\/2022\/10\/Logo_Novatech23_250x100.png\" \/>\n\t<meta property=\"og:image:width\" content=\"709\" \/>\n\t<meta property=\"og:image:height\" content=\"284\" \/>\n\t<meta property=\"og:image:type\" content=\"image\/png\" \/>\n<meta name=\"author\" content=\"Laure Dumonte\" \/>\n<meta name=\"twitter:card\" content=\"summary_large_image\" \/>\n<meta name=\"twitter:creator\" content=\"@asso_graie\" \/>\n<meta name=\"twitter:site\" content=\"@asso_graie\" \/>\n<meta name=\"twitter:label1\" content=\"\u00c9crit par\" \/>\n\t<meta name=\"twitter:data1\" content=\"Laure Dumonte\" \/>\n\t<meta name=\"twitter:label2\" content=\"Dur\u00e9e de lecture estim\u00e9e\" \/>\n\t<meta name=\"twitter:data2\" content=\"6 minutes\" \/>\n<script type=\"application\/ld+json\" class=\"yoast-schema-graph\">{\"@context\":\"https:\/\/schema.org\",\"@graph\":[{\"@type\":\"Article\",\"@id\":\"https:\/\/asso.graie.org\/portail\/novatech-2023-la-consultation-pour-lappel-doffre-traiteur-est-lancee\/#article\",\"isPartOf\":{\"@id\":\"https:\/\/asso.graie.org\/portail\/novatech-2023-la-consultation-pour-lappel-doffre-traiteur-est-lancee\/\"},\"author\":{\"name\":\"Laure Dumonte\",\"@id\":\"https:\/\/asso.graie.org\/portail\/#\/schema\/person\/b7fb559684005d59490969faaa8fc42f\"},\"headline\":\"Novatech 2023 | La consultation pour l&rsquo;appel d&rsquo;offre traiteur est lanc\u00e9e !\",\"datePublished\":\"2023-03-03T13:24:25+00:00\",\"dateModified\":\"2023-12-11T09:16:07+00:00\",\"mainEntityOfPage\":{\"@id\":\"https:\/\/asso.graie.org\/portail\/novatech-2023-la-consultation-pour-lappel-doffre-traiteur-est-lancee\/\"},\"wordCount\":1302,\"publisher\":{\"@id\":\"https:\/\/asso.graie.org\/portail\/#organization\"},\"articleSection\":[\"Actu Graie\"],\"inLanguage\":\"fr-FR\"},{\"@type\":\"WebPage\",\"@id\":\"https:\/\/asso.graie.org\/portail\/novatech-2023-la-consultation-pour-lappel-doffre-traiteur-est-lancee\/\",\"url\":\"https:\/\/asso.graie.org\/portail\/novatech-2023-la-consultation-pour-lappel-doffre-traiteur-est-lancee\/\",\"name\":\"Novatech 2023 | La consultation pour l'appel d'offre traiteur est lanc\u00e9e ! | Graie\",\"isPartOf\":{\"@id\":\"https:\/\/asso.graie.org\/portail\/#website\"},\"datePublished\":\"2023-03-03T13:24:25+00:00\",\"dateModified\":\"2023-12-11T09:16:07+00:00\",\"breadcrumb\":{\"@id\":\"https:\/\/asso.graie.org\/portail\/novatech-2023-la-consultation-pour-lappel-doffre-traiteur-est-lancee\/#breadcrumb\"},\"inLanguage\":\"fr-FR\",\"potentialAction\":[{\"@type\":\"ReadAction\",\"target\":[\"https:\/\/asso.graie.org\/portail\/novatech-2023-la-consultation-pour-lappel-doffre-traiteur-est-lancee\/\"]}]},{\"@type\":\"BreadcrumbList\",\"@id\":\"https:\/\/asso.graie.org\/portail\/novatech-2023-la-consultation-pour-lappel-doffre-traiteur-est-lancee\/#breadcrumb\",\"itemListElement\":[{\"@type\":\"ListItem\",\"position\":1,\"name\":\"Accueil\",\"item\":\"https:\/\/asso.graie.org\/portail\/\"},{\"@type\":\"ListItem\",\"position\":2,\"name\":\"Novatech 2023 | La consultation pour l&rsquo;appel d&rsquo;offre traiteur est lanc\u00e9e !\"}]},{\"@type\":\"WebSite\",\"@id\":\"https:\/\/asso.graie.org\/portail\/#website\",\"url\":\"https:\/\/asso.graie.org\/portail\/\",\"name\":\"Graie\",\"description\":\"P\u00f4le Eau et Territoires\",\"publisher\":{\"@id\":\"https:\/\/asso.graie.org\/portail\/#organization\"},\"potentialAction\":[{\"@type\":\"SearchAction\",\"target\":{\"@type\":\"EntryPoint\",\"urlTemplate\":\"https:\/\/asso.graie.org\/portail\/?s={search_term_string}\"},\"query-input\":\"required name=search_term_string\"}],\"inLanguage\":\"fr-FR\"},{\"@type\":\"Organization\",\"@id\":\"https:\/\/asso.graie.org\/portail\/#organization\",\"name\":\"Le Graie\",\"url\":\"https:\/\/asso.graie.org\/portail\/\",\"logo\":{\"@type\":\"ImageObject\",\"inLanguage\":\"fr-FR\",\"@id\":\"https:\/\/asso.graie.org\/portail\/#\/schema\/logo\/image\/\",\"url\":\"https:\/\/asso.graie.org\/portail\/wp-content\/uploads\/2021\/12\/Logotype-Graie.png\",\"contentUrl\":\"https:\/\/asso.graie.org\/portail\/wp-content\/uploads\/2021\/12\/Logotype-Graie.png\",\"width\":1890,\"height\":1181,\"caption\":\"Le Graie\"},\"image\":{\"@id\":\"https:\/\/asso.graie.org\/portail\/#\/schema\/logo\/image\/\"},\"sameAs\":[\"https:\/\/fr.linkedin.com\/company\/graie?trk=top_nav_home\",\"https:\/\/www.youtube.com\/channel\/UCZQk0Tt7upYwERYNdDIZqLQ\",\"https:\/\/twitter.com\/asso_graie\"]},{\"@type\":\"Person\",\"@id\":\"https:\/\/asso.graie.org\/portail\/#\/schema\/person\/b7fb559684005d59490969faaa8fc42f\",\"name\":\"Laure Dumonte\",\"url\":\"https:\/\/asso.graie.org\/portail\/author\/sarahscarrott\/\"}]}<\/script>\n<!-- \/ Yoast SEO plugin. -->","yoast_head_json":{"title":"Novatech 2023 | La consultation pour l'appel d'offre traiteur est lanc\u00e9e ! | Graie","robots":{"index":"index","follow":"follow","max-snippet":"max-snippet:-1","max-image-preview":"max-image-preview:large","max-video-preview":"max-video-preview:-1"},"canonical":"https:\/\/asso.graie.org\/portail\/novatech-2023-la-consultation-pour-lappel-doffre-traiteur-est-lancee\/","og_locale":"fr_FR","og_type":"article","og_title":"Novatech 2023 | La consultation pour l'appel d'offre traiteur est lanc\u00e9e ! | Graie","og_description":"Le Graie ouvre un march\u00e9 \u00e0 proc\u00e9dure adapt\u00e9e pour une prestation de traiteur dans le cadre de la conf\u00e9rence Novatech 2023. Caract\u00e9ristiques g\u00e9n\u00e9rales principales&nbsp;: Le Graie organise la conf\u00e9rence internationale Novatech du 3 au 6 juillet 2023 \u00e0 l\u2019ISARA Lyon. &hellip;","og_url":"https:\/\/asso.graie.org\/portail\/novatech-2023-la-consultation-pour-lappel-doffre-traiteur-est-lancee\/","og_site_name":"Graie","article_published_time":"2023-03-03T13:24:25+00:00","article_modified_time":"2023-12-11T09:16:07+00:00","og_image":[{"width":709,"height":284,"url":"https:\/\/asso.graie.org\/portail\/wp-content\/uploads\/2022\/10\/Logo_Novatech23_250x100.png","type":"image\/png"}],"author":"Laure Dumonte","twitter_card":"summary_large_image","twitter_creator":"@asso_graie","twitter_site":"@asso_graie","twitter_misc":{"\u00c9crit par":"Laure Dumonte","Dur\u00e9e de lecture estim\u00e9e":"6 minutes"},"schema":{"@context":"https:\/\/schema.org","@graph":[{"@type":"Article","@id":"https:\/\/asso.graie.org\/portail\/novatech-2023-la-consultation-pour-lappel-doffre-traiteur-est-lancee\/#article","isPartOf":{"@id":"https:\/\/asso.graie.org\/portail\/novatech-2023-la-consultation-pour-lappel-doffre-traiteur-est-lancee\/"},"author":{"name":"Laure Dumonte","@id":"https:\/\/asso.graie.org\/portail\/#\/schema\/person\/b7fb559684005d59490969faaa8fc42f"},"headline":"Novatech 2023 | La consultation pour l&rsquo;appel d&rsquo;offre traiteur est lanc\u00e9e !","datePublished":"2023-03-03T13:24:25+00:00","dateModified":"2023-12-11T09:16:07+00:00","mainEntityOfPage":{"@id":"https:\/\/asso.graie.org\/portail\/novatech-2023-la-consultation-pour-lappel-doffre-traiteur-est-lancee\/"},"wordCount":1302,"publisher":{"@id":"https:\/\/asso.graie.org\/portail\/#organization"},"articleSection":["Actu Graie"],"inLanguage":"fr-FR"},{"@type":"WebPage","@id":"https:\/\/asso.graie.org\/portail\/novatech-2023-la-consultation-pour-lappel-doffre-traiteur-est-lancee\/","url":"https:\/\/asso.graie.org\/portail\/novatech-2023-la-consultation-pour-lappel-doffre-traiteur-est-lancee\/","name":"Novatech 2023 | La consultation pour l'appel d'offre traiteur est lanc\u00e9e ! | Graie","isPartOf":{"@id":"https:\/\/asso.graie.org\/portail\/#website"},"datePublished":"2023-03-03T13:24:25+00:00","dateModified":"2023-12-11T09:16:07+00:00","breadcrumb":{"@id":"https:\/\/asso.graie.org\/portail\/novatech-2023-la-consultation-pour-lappel-doffre-traiteur-est-lancee\/#breadcrumb"},"inLanguage":"fr-FR","potentialAction":[{"@type":"ReadAction","target":["https:\/\/asso.graie.org\/portail\/novatech-2023-la-consultation-pour-lappel-doffre-traiteur-est-lancee\/"]}]},{"@type":"BreadcrumbList","@id":"https:\/\/asso.graie.org\/portail\/novatech-2023-la-consultation-pour-lappel-doffre-traiteur-est-lancee\/#breadcrumb","itemListElement":[{"@type":"ListItem","position":1,"name":"Accueil","item":"https:\/\/asso.graie.org\/portail\/"},{"@type":"ListItem","position":2,"name":"Novatech 2023 | La consultation pour l&rsquo;appel d&rsquo;offre traiteur est lanc\u00e9e !"}]},{"@type":"WebSite","@id":"https:\/\/asso.graie.org\/portail\/#website","url":"https:\/\/asso.graie.org\/portail\/","name":"Graie","description":"P\u00f4le Eau et Territoires","publisher":{"@id":"https:\/\/asso.graie.org\/portail\/#organization"},"potentialAction":[{"@type":"SearchAction","target":{"@type":"EntryPoint","urlTemplate":"https:\/\/asso.graie.org\/portail\/?s={search_term_string}"},"query-input":"required name=search_term_string"}],"inLanguage":"fr-FR"},{"@type":"Organization","@id":"https:\/\/asso.graie.org\/portail\/#organization","name":"Le Graie","url":"https:\/\/asso.graie.org\/portail\/","logo":{"@type":"ImageObject","inLanguage":"fr-FR","@id":"https:\/\/asso.graie.org\/portail\/#\/schema\/logo\/image\/","url":"https:\/\/asso.graie.org\/portail\/wp-content\/uploads\/2021\/12\/Logotype-Graie.png","contentUrl":"https:\/\/asso.graie.org\/portail\/wp-content\/uploads\/2021\/12\/Logotype-Graie.png","width":1890,"height":1181,"caption":"Le Graie"},"image":{"@id":"https:\/\/asso.graie.org\/portail\/#\/schema\/logo\/image\/"},"sameAs":["https:\/\/fr.linkedin.com\/company\/graie?trk=top_nav_home","https:\/\/www.youtube.com\/channel\/UCZQk0Tt7upYwERYNdDIZqLQ","https:\/\/twitter.com\/asso_graie"]},{"@type":"Person","@id":"https:\/\/asso.graie.org\/portail\/#\/schema\/person\/b7fb559684005d59490969faaa8fc42f","name":"Laure Dumonte","url":"https:\/\/asso.graie.org\/portail\/author\/sarahscarrott\/"}]}},"_links":{"self":[{"href":"https:\/\/asso.graie.org\/portail\/wp-json\/wp\/v2\/posts\/22995"}],"collection":[{"href":"https:\/\/asso.graie.org\/portail\/wp-json\/wp\/v2\/posts"}],"about":[{"href":"https:\/\/asso.graie.org\/portail\/wp-json\/wp\/v2\/types\/post"}],"author":[{"embeddable":true,"href":"https:\/\/asso.graie.org\/portail\/wp-json\/wp\/v2\/users\/3"}],"replies":[{"embeddable":true,"href":"https:\/\/asso.graie.org\/portail\/wp-json\/wp\/v2\/comments?post=22995"}],"version-history":[{"count":14,"href":"https:\/\/asso.graie.org\/portail\/wp-json\/wp\/v2\/posts\/22995\/revisions"}],"predecessor-version":[{"id":24928,"href":"https:\/\/asso.graie.org\/portail\/wp-json\/wp\/v2\/posts\/22995\/revisions\/24928"}],"wp:featuredmedia":[{"embeddable":true,"href":"https:\/\/asso.graie.org\/portail\/wp-json\/wp\/v2\/media\/21781"}],"wp:attachment":[{"href":"https:\/\/asso.graie.org\/portail\/wp-json\/wp\/v2\/media?parent=22995"}],"wp:term":[{"taxonomy":"category","embeddable":true,"href":"https:\/\/asso.graie.org\/portail\/wp-json\/wp\/v2\/categories?post=22995"},{"taxonomy":"post_tag","embeddable":true,"href":"https:\/\/asso.graie.org\/portail\/wp-json\/wp\/v2\/tags?post=22995"}],"curies":[{"name":"wp","href":"https:\/\/api.w.org\/{rel}","templated":true}]}}