{"id":23191,"date":"2023-03-27T08:00:00","date_gmt":"2023-03-27T06:00:00","guid":{"rendered":"https:\/\/asso.graie.org\/portail\/?p=23191"},"modified":"2026-03-17T16:38:06","modified_gmt":"2026-03-17T15:38:06","slug":"webinaire-ville-permeable-vegetal-en-ville","status":"publish","type":"post","link":"https:\/\/asso.graie.org\/portail\/webinaire-ville-permeable-vegetal-en-ville\/","title":{"rendered":"ACTES | Webinaire Ville Perm\u00e9able 2023 | La place du v\u00e9g\u00e9tal en ville &#8211; France-Qu\u00e9bec-Belgique"},"content":{"rendered":"\n<div style=\"height:37px\" aria-hidden=\"true\" class=\"wp-block-spacer\"><\/div>\n\n\n\n<figure class=\"wp-block-image size-full\"><img decoding=\"async\" loading=\"lazy\" width=\"2541\" height=\"611\" src=\"https:\/\/asso.graie.org\/portail\/wp-content\/uploads\/2023\/04\/Banniere_ville_permeable-2541-\u00d7-811-px.png\" alt=\"\" class=\"wp-image-23211\" srcset=\"https:\/\/asso.graie.org\/portail\/wp-content\/uploads\/2023\/04\/Banniere_ville_permeable-2541-\u00d7-811-px.png 2541w, https:\/\/asso.graie.org\/portail\/wp-content\/uploads\/2023\/04\/Banniere_ville_permeable-2541-\u00d7-811-px-300x72.png 300w, https:\/\/asso.graie.org\/portail\/wp-content\/uploads\/2023\/04\/Banniere_ville_permeable-2541-\u00d7-811-px-1024x246.png 1024w, https:\/\/asso.graie.org\/portail\/wp-content\/uploads\/2023\/04\/Banniere_ville_permeable-2541-\u00d7-811-px-768x185.png 768w, https:\/\/asso.graie.org\/portail\/wp-content\/uploads\/2023\/04\/Banniere_ville_permeable-2541-\u00d7-811-px-1536x369.png 1536w, https:\/\/asso.graie.org\/portail\/wp-content\/uploads\/2023\/04\/Banniere_ville_permeable-2541-\u00d7-811-px-2048x492.png 2048w\" sizes=\"(max-width: 2541px) 100vw, 2541px\" \/><\/figure>\n\n\n\n<div style=\"height:20px\" aria-hidden=\"true\" class=\"wp-block-spacer\"><\/div>\n\n\n\n<h2 class=\"wp-block-heading\">Gestion des eaux pluviales et place du v\u00e9g\u00e9tal en ville<\/h2>\n\n\n\n<p>Dans la continuit\u00e9 de la <a href=\"https:\/\/asso.graie.org\/portail\/conference-ville-permeable-2\/\">conf\u00e9rence \u00ab Ville perm\u00e9able \u00bb <\/a>et des webinaires France-Qu\u00e9bec dont celui de mars 2022 sur les arbres en ville, le Graie propose un nouveau rendez-vous, temps de pr\u00e9sentation et de discussion autour de retours d&rsquo;exp\u00e9riences de gestion des eaux pluviales, au Canada, \u00e0 Bruxelles et \u00e0 Lyon.<\/p>\n\n\n\n<div style=\"height:31px\" aria-hidden=\"true\" class=\"wp-block-spacer\"><\/div>\n\n\n\n<hr class=\"wp-block-separator has-css-opacity\"\/>\n\n\n\n<div style=\"height:28px\" aria-hidden=\"true\" class=\"wp-block-spacer\"><\/div>\n\n\n\n<h2 class=\"wp-block-heading has-text-align-center\">Vendredi 12 mai 2023 de 14h30-17h (Heure FR) <br>ou 8h30-11h (Heure CA)<\/h2>\n\n\n\n<p class=\"has-text-align-center\"><strong>Visio-conf\u00e9rence<\/strong><\/p>\n\n\n\n<div style=\"height:26px\" aria-hidden=\"true\" class=\"wp-block-spacer\"><\/div>\n\n\n\n<div class=\"wp-block-buttons is-content-justification-center is-layout-flex wp-container-1 wp-block-buttons-is-layout-flex\">\n<div class=\"wp-block-button\"><a class=\"wp-block-button__link has-white-color has-light-green-cyan-background-color has-text-color has-background wp-element-button\" href=\"https:\/\/www.youtube.com\/watch?v=eEj-fSMcQg0&amp;t=2442s\"><strong>REVOIR LE WEBINAIRE<\/strong><\/a><\/div>\n\n\n\n<div class=\"wp-block-button\"><a class=\"wp-block-button__link has-white-color has-vivid-cyan-blue-background-color has-text-color has-background wp-element-button\" href=\"https:\/\/www.graie.org\/graie\/graiedoc\/doc_telech\/actesyntheses\/Actes_GRAIE-FRCA-WEBINAIRE-Villepermeable-12mai23-web.pdf\" target=\"_blank\" rel=\"noreferrer noopener\"><strong>SUPPORTS D&rsquo;INTERVENTION<\/strong><\/a><\/div>\n<\/div>\n\n\n\n<div style=\"height:34px\" aria-hidden=\"true\" class=\"wp-block-spacer\"><\/div>\n\n\n\n\n\n<hr class=\"wp-block-separator has-css-opacity\"\/>\n\n\n\n<div style=\"height:28px\" aria-hidden=\"true\" class=\"wp-block-spacer\"><\/div>\n\n\n\n<div style=\"height:28px\" aria-hidden=\"true\" class=\"wp-block-spacer\"><\/div>\n\n\n\n<h3 class=\"wp-block-heading\"><strong>Th\u00e9matique<\/strong><\/h3>\n\n\n\n<p>Les politiques de d\u00e9connexion des eaux pluviales et la d\u00e9simperm\u00e9abilisation en ville participent au renforcement de la pr\u00e9sence de nature dans le tissu urbain. Elles rendent de nombreux services aux syst\u00e8mes d&rsquo;assainissement, aux citadins (r\u00e9gulation des flux, ambiances, sant\u00e9\u2026) et globalement aux \u00e9cosyst\u00e8mes urbains en favorisant une biodiversit\u00e9 plus fonctionnelle et plus durable.<\/p>\n\n\n\n<p>Les solutions v\u00e9g\u00e9talis\u00e9es sont de plus en plus utilis\u00e9es comme vecteur pour dynamiser la strat\u00e9gie de gestion des eaux pluviales. Mais&nbsp;:<\/p>\n\n\n\n<ul>\n<li>Comment assurent-elles une r\u00e9elle fonction dans la gestion des eaux pluviales urbaines ?<\/li>\n\n\n\n<li>Comment d\u00e9velopper un urbanisme plus \u00e9cologique ? avec des am\u00e9nagements et des ouvrages&nbsp;?<\/li>\n\n\n\n<li>Comment garantir la r\u00e9silience de ces nouveaux \u00e9cosyst\u00e8mes urbains&nbsp;?<\/li>\n\n\n\n<li>Comment coupler les enjeux de l&rsquo;eau, du bien-\u00eatre et biodiversit\u00e9 en ville&nbsp;?<\/li>\n<\/ul>\n\n\n\n<p>Ces&nbsp;questions seront au c\u0153ur des \u00e9changes et retours d\u2019exp\u00e9rience de cette rencontre.<\/p>\n\n\n\n<div style=\"height:31px\" aria-hidden=\"true\" class=\"wp-block-spacer\"><\/div>\n\n\n\n<h3 class=\"wp-block-heading\"><strong>Programme<\/strong><\/h3>\n\n\n\n<p><\/p>\n\n\n\n<p>Pour cette \u00e9dition, nous avons pr\u00e9vu 4 interventions compl\u00e9mentaires sur la place du v\u00e9g\u00e9tal en ville&nbsp;:<\/p>\n\n\n\n<ul>\n<li>La place du v\u00e9g\u00e9tal dans la ville perm\u00e9able&nbsp;: cas de la M\u00e9tropole de Lyon \u2013 Arbres de pluies et politique de v\u00e9g\u00e9talisation | Herv\u00e9 Caltran \u2013 M\u00e9tropole de Lyon<\/li>\n\n\n\n<li>La gestion int\u00e9gr\u00e9e des eaux pluviales, la v\u00e9g\u00e9talisation et la desimperm\u00e9abilisation&nbsp;: une strat\u00e9gie pour faire face aux limites du r\u00e9seau unitaire | Constance Ardaillon &#8211; Bruxelles environnement<\/li>\n\n\n\n<li>La biodiversit\u00e9 des plantes et macro-invert\u00e9br\u00e9s dans diff\u00e9rents types de bassins d&rsquo;eaux pluviales et leur relation avec le paysage&nbsp;|&nbsp;&nbsp; Matisse Petit-Prost &#8211; INRS Institut national de la recherche scientifique Qu\u00e9bec<\/li>\n\n\n\n<li>Etablissement et croissance de la v\u00e9g\u00e9tation dans ces infrastructures vertes \u2013 le cas des aires de bio r\u00e9tention | Guillaume Gr\u00e9goire \u2013 Universit\u00e9 Laval<br><em><br><\/em><\/li>\n<\/ul>\n\n\n\n<p><\/p>\n\n\n\n<div style=\"height:31px\" aria-hidden=\"true\" class=\"wp-block-spacer\"><\/div>\n\n\n\n<h3 class=\"wp-block-heading\"><strong>Public cible<\/strong><\/h3>\n\n\n\n<p>Tous les professionnels acteurs de la ville et du changement :<\/p>\n\n\n\n<ul>\n<li>les agents des collectivit\u00e9s, fran\u00e7aises et qu\u00e9b\u00e9coises, des espaces publics (voiries, espaces verts), de l\u2019urbanisme et de la gestion de l\u2019eau<\/li>\n\n\n\n<li>les am\u00e9nageurs, architectes, paysagistes et bureaux d\u2019\u00e9tude (urbanisme et infrastructures)<\/li>\n\n\n\n<li>les chercheurs<\/li>\n<\/ul>\n\n\n\n<div style=\"height:55px\" aria-hidden=\"true\" class=\"wp-block-spacer\"><\/div>\n\n\n\n<h3 class=\"wp-block-heading\"><strong>Les rendez-vous \u00ab&nbsp;Ville Perm\u00e9able&nbsp;\u00bb du Graie<\/strong><\/h3>\n\n\n\n<p>Ces rencontres sont des temps de conf\u00e9rences et d&rsquo;\u00e9changes permettant de partager des r\u00e9flexions prospectives, des r\u00e9sultats de recherche et des retours d&rsquo;exp\u00e9rience sur les cl\u00e9s et leviers mobilis\u00e9s pour un changement effectif des pratiques :<\/p>\n\n\n\n<ul>\n<li>Le retour sur des op\u00e9rations \u00ab\u00a0banales\u00a0\u00bb ou embl\u00e9matiques, pour faire la d\u00e9monstration par l&rsquo;exemple.<\/li>\n\n\n\n<li>Les approches transversales, multidisciplinaires et pluri-acteurs, tant dans l&rsquo;\u00e9laboration des strat\u00e9gies que dans la mise en \u0153uvre des op\u00e9rations d&rsquo;am\u00e9nagement.<\/li>\n\n\n\n<li>L&rsquo;accompagnement du changement en appui sur cette cha\u00eene d&rsquo;acteurs vari\u00e9s, qui interviennent pour certains malgr\u00e9 eux sur la gestion de l&rsquo;eau.<\/li>\n<\/ul>\n\n\n\n<p>Nous d\u00e9veloppons les \u00e9changes et collaborations France-Qu\u00e9bec autour de la ville perm\u00e9able, du fait de la richesse et de la compl\u00e9mentarit\u00e9 des approches sur les deux continents, en b\u00e9n\u00e9ficiant du partage de la langue fran\u00e7aise.<\/p>\n\n\n\n<div style=\"height:31px\" aria-hidden=\"true\" class=\"wp-block-spacer\"><\/div>\n\n\n\n<h3 class=\"wp-block-heading\"><strong>Partenaires<\/strong><\/h3>\n\n\n\n<p>Webinaire organis\u00e9 par le Graie<br>dans le cadre des partenariats France-Qu\u00e9bec sur les eaux pluviales, en collaboration avec la M\u00e9tropole de Lyon, la ville de Montr\u00e9al, la ville de Qu\u00e9bec et R\u00e9seau Environnement. #CoopFrCA<\/p>\n\n\n\n<p>L\u2019animation de la th\u00e9matique \u00ab\u00a0Eau dans la ville\u00a0\u00bb b\u00e9n\u00e9ficie par ailleurs du soutien des agences de l\u2019eau Rh\u00f4ne M\u00e9diterran\u00e9e Corse et Loire-Bretagne, du Minist\u00e8re de la Transition \u00c9cologique et de l&rsquo;association VAD \u00ab\u00a0Ville &amp; Am\u00e9nagement Durable\u00a0\u00bb .<\/p>\n\n\n\n<div style=\"height:31px\" aria-hidden=\"true\" class=\"wp-block-spacer\"><\/div>\n\n\n\n<div style=\"height:31px\" aria-hidden=\"true\" class=\"wp-block-spacer\"><\/div>\n\n\n\n<p><strong>Contact :<\/strong><\/p>\n\n\n\n<a class=\"lightbox-enabled\" href=\"https:\/\/asso.graie.org\/portail\/laetitia-bacot\/\" data-caption=\"\" title=\"\">La\u00ebtitia BACOT<\/a>.<\/p>\n\n\n<a class=\"lightbox-enabled\" href=\"https:\/\/asso.graie.org\/portail\/baptiste-jeanney\/\" data-caption=\"\" title=\"\">Baptiste JEANNEY<\/a>\n","protected":false},"excerpt":{"rendered":"<p>Gestion des eaux pluviales et place du v\u00e9g\u00e9tal en ville Dans la continuit\u00e9 de la conf\u00e9rence \u00ab Ville perm\u00e9able \u00bb et des webinaires France-Qu\u00e9bec dont celui de mars 2022 sur les arbres en ville, le Graie propose un nouveau rendez-vous, &hellip;<\/p>\n","protected":false},"author":16,"featured_media":23209,"comment_status":"closed","ping_status":"closed","sticky":false,"template":"","format":"standard","meta":{"_mi_skip_tracking":false,"footnotes":""},"categories":[24,70,569,32,589,29,28],"tags":[1604,1629,1603,1723,1591,228,1668,95,1602],"acf":[],"yoast_head":"<!-- This site is optimized with the Yoast SEO plugin v19.13 - https:\/\/yoast.com\/wordpress\/plugins\/seo\/ -->\n<title>Webinaire France\/Qu\u00e9bec | Ville Perm\u00e9able<\/title>\n<meta name=\"description\" content=\"Participez \u00e0 ce webinaire France\/Qu\u00e9bec Ville Perm\u00e9able portant sur la place du v\u00e9g\u00e9tal en ville le 12 mai 2023.\" \/>\n<meta name=\"robots\" content=\"index, follow, max-snippet:-1, max-image-preview:large, max-video-preview:-1\" \/>\n<link rel=\"canonical\" href=\"https:\/\/asso.graie.org\/portail\/webinaire-ville-permeable-vegetal-en-ville\/\" \/>\n<meta property=\"og:locale\" content=\"fr_FR\" \/>\n<meta property=\"og:type\" content=\"article\" \/>\n<meta property=\"og:title\" content=\"Webinaire France\/Qu\u00e9bec | Ville Perm\u00e9able\" \/>\n<meta property=\"og:description\" content=\"Participez \u00e0 ce webinaire France\/Qu\u00e9bec Ville Perm\u00e9able portant sur la place du v\u00e9g\u00e9tal en ville le 12 mai 2023.\" \/>\n<meta property=\"og:url\" content=\"https:\/\/asso.graie.org\/portail\/webinaire-ville-permeable-vegetal-en-ville\/\" \/>\n<meta property=\"og:site_name\" content=\"Graie\" \/>\n<meta property=\"article:published_time\" content=\"2023-03-27T06:00:00+00:00\" \/>\n<meta property=\"article:modified_time\" content=\"2026-03-17T15:38:06+00:00\" \/>\n<meta property=\"og:image\" content=\"https:\/\/asso.graie.org\/portail\/wp-content\/uploads\/2023\/04\/GRA69-pluie-LB-IMG_6369.jpg\" \/>\n\t<meta property=\"og:image:width\" content=\"1526\" \/>\n\t<meta property=\"og:image:height\" content=\"1017\" \/>\n\t<meta property=\"og:image:type\" content=\"image\/jpeg\" \/>\n<meta name=\"author\" content=\"Maureen Carpentier\" \/>\n<meta name=\"twitter:card\" content=\"summary_large_image\" \/>\n<meta name=\"twitter:creator\" content=\"@asso_graie\" \/>\n<meta name=\"twitter:site\" content=\"@asso_graie\" \/>\n<meta name=\"twitter:label1\" content=\"\u00c9crit par\" \/>\n\t<meta name=\"twitter:data1\" content=\"Maureen Carpentier\" \/>\n\t<meta name=\"twitter:label2\" content=\"Dur\u00e9e de lecture estim\u00e9e\" \/>\n\t<meta name=\"twitter:data2\" content=\"4 minutes\" \/>\n<script type=\"application\/ld+json\" class=\"yoast-schema-graph\">{\"@context\":\"https:\/\/schema.org\",\"@graph\":[{\"@type\":\"Article\",\"@id\":\"https:\/\/asso.graie.org\/portail\/webinaire-ville-permeable-vegetal-en-ville\/#article\",\"isPartOf\":{\"@id\":\"https:\/\/asso.graie.org\/portail\/webinaire-ville-permeable-vegetal-en-ville\/\"},\"author\":{\"name\":\"Maureen Carpentier\",\"@id\":\"https:\/\/asso.graie.org\/portail\/#\/schema\/person\/486e14d091ff09d12f2b31bad560eb4f\"},\"headline\":\"ACTES | Webinaire Ville Perm\u00e9able 2023 | La place du v\u00e9g\u00e9tal en ville &#8211; France-Qu\u00e9bec-Belgique\",\"datePublished\":\"2023-03-27T06:00:00+00:00\",\"dateModified\":\"2026-03-17T15:38:06+00:00\",\"mainEntityOfPage\":{\"@id\":\"https:\/\/asso.graie.org\/portail\/webinaire-ville-permeable-vegetal-en-ville\/\"},\"wordCount\":733,\"publisher\":{\"@id\":\"https:\/\/asso.graie.org\/portail\/#organization\"},\"keywords\":[\"CoopFrQc\",\"eau pluviale\",\"France-Quebec\",\"NBS\",\"perm\u00e9able\",\"pluvial\",\"Retours experiences\",\"ville\",\"VILLE PERMEABLE\"],\"articleSection\":[\"Actu Graie\",\"Eau dans la ville\",\"Eaux pluviales\",\"Eaux pluviales et am\u00e9nagement\",\"Historique Agenda\",\"Productions\",\"Toute l'actualit\u00e9\"],\"inLanguage\":\"fr-FR\"},{\"@type\":\"WebPage\",\"@id\":\"https:\/\/asso.graie.org\/portail\/webinaire-ville-permeable-vegetal-en-ville\/\",\"url\":\"https:\/\/asso.graie.org\/portail\/webinaire-ville-permeable-vegetal-en-ville\/\",\"name\":\"Webinaire France\/Qu\u00e9bec | Ville Perm\u00e9able\",\"isPartOf\":{\"@id\":\"https:\/\/asso.graie.org\/portail\/#website\"},\"datePublished\":\"2023-03-27T06:00:00+00:00\",\"dateModified\":\"2026-03-17T15:38:06+00:00\",\"description\":\"Participez \u00e0 ce webinaire France\/Qu\u00e9bec Ville Perm\u00e9able portant sur la place du v\u00e9g\u00e9tal en ville le 12 mai 2023.\",\"breadcrumb\":{\"@id\":\"https:\/\/asso.graie.org\/portail\/webinaire-ville-permeable-vegetal-en-ville\/#breadcrumb\"},\"inLanguage\":\"fr-FR\",\"potentialAction\":[{\"@type\":\"ReadAction\",\"target\":[\"https:\/\/asso.graie.org\/portail\/webinaire-ville-permeable-vegetal-en-ville\/\"]}]},{\"@type\":\"BreadcrumbList\",\"@id\":\"https:\/\/asso.graie.org\/portail\/webinaire-ville-permeable-vegetal-en-ville\/#breadcrumb\",\"itemListElement\":[{\"@type\":\"ListItem\",\"position\":1,\"name\":\"Accueil\",\"item\":\"https:\/\/asso.graie.org\/portail\/\"},{\"@type\":\"ListItem\",\"position\":2,\"name\":\"ACTES | Webinaire Ville Perm\u00e9able 2023 | La place du v\u00e9g\u00e9tal en ville &#8211; France-Qu\u00e9bec-Belgique\"}]},{\"@type\":\"WebSite\",\"@id\":\"https:\/\/asso.graie.org\/portail\/#website\",\"url\":\"https:\/\/asso.graie.org\/portail\/\",\"name\":\"Graie\",\"description\":\"P\u00f4le Eau et Territoires\",\"publisher\":{\"@id\":\"https:\/\/asso.graie.org\/portail\/#organization\"},\"potentialAction\":[{\"@type\":\"SearchAction\",\"target\":{\"@type\":\"EntryPoint\",\"urlTemplate\":\"https:\/\/asso.graie.org\/portail\/?s={search_term_string}\"},\"query-input\":\"required name=search_term_string\"}],\"inLanguage\":\"fr-FR\"},{\"@type\":\"Organization\",\"@id\":\"https:\/\/asso.graie.org\/portail\/#organization\",\"name\":\"Le Graie\",\"url\":\"https:\/\/asso.graie.org\/portail\/\",\"logo\":{\"@type\":\"ImageObject\",\"inLanguage\":\"fr-FR\",\"@id\":\"https:\/\/asso.graie.org\/portail\/#\/schema\/logo\/image\/\",\"url\":\"https:\/\/asso.graie.org\/portail\/wp-content\/uploads\/2021\/12\/Logotype-Graie.png\",\"contentUrl\":\"https:\/\/asso.graie.org\/portail\/wp-content\/uploads\/2021\/12\/Logotype-Graie.png\",\"width\":1890,\"height\":1181,\"caption\":\"Le Graie\"},\"image\":{\"@id\":\"https:\/\/asso.graie.org\/portail\/#\/schema\/logo\/image\/\"},\"sameAs\":[\"https:\/\/fr.linkedin.com\/company\/graie?trk=top_nav_home\",\"https:\/\/www.youtube.com\/channel\/UCZQk0Tt7upYwERYNdDIZqLQ\",\"https:\/\/twitter.com\/asso_graie\"]},{\"@type\":\"Person\",\"@id\":\"https:\/\/asso.graie.org\/portail\/#\/schema\/person\/486e14d091ff09d12f2b31bad560eb4f\",\"name\":\"Maureen Carpentier\",\"url\":\"https:\/\/asso.graie.org\/portail\/author\/juliettecasanova\/\"}]}<\/script>\n<!-- \/ Yoast SEO plugin. -->","yoast_head_json":{"title":"Webinaire France\/Qu\u00e9bec | Ville Perm\u00e9able","description":"Participez \u00e0 ce webinaire France\/Qu\u00e9bec Ville Perm\u00e9able portant sur la place du v\u00e9g\u00e9tal en ville le 12 mai 2023.","robots":{"index":"index","follow":"follow","max-snippet":"max-snippet:-1","max-image-preview":"max-image-preview:large","max-video-preview":"max-video-preview:-1"},"canonical":"https:\/\/asso.graie.org\/portail\/webinaire-ville-permeable-vegetal-en-ville\/","og_locale":"fr_FR","og_type":"article","og_title":"Webinaire France\/Qu\u00e9bec | Ville Perm\u00e9able","og_description":"Participez \u00e0 ce webinaire France\/Qu\u00e9bec Ville Perm\u00e9able portant sur la place du v\u00e9g\u00e9tal en ville le 12 mai 2023.","og_url":"https:\/\/asso.graie.org\/portail\/webinaire-ville-permeable-vegetal-en-ville\/","og_site_name":"Graie","article_published_time":"2023-03-27T06:00:00+00:00","article_modified_time":"2026-03-17T15:38:06+00:00","og_image":[{"width":1526,"height":1017,"url":"https:\/\/asso.graie.org\/portail\/wp-content\/uploads\/2023\/04\/GRA69-pluie-LB-IMG_6369.jpg","type":"image\/jpeg"}],"author":"Maureen Carpentier","twitter_card":"summary_large_image","twitter_creator":"@asso_graie","twitter_site":"@asso_graie","twitter_misc":{"\u00c9crit par":"Maureen Carpentier","Dur\u00e9e de lecture estim\u00e9e":"4 minutes"},"schema":{"@context":"https:\/\/schema.org","@graph":[{"@type":"Article","@id":"https:\/\/asso.graie.org\/portail\/webinaire-ville-permeable-vegetal-en-ville\/#article","isPartOf":{"@id":"https:\/\/asso.graie.org\/portail\/webinaire-ville-permeable-vegetal-en-ville\/"},"author":{"name":"Maureen Carpentier","@id":"https:\/\/asso.graie.org\/portail\/#\/schema\/person\/486e14d091ff09d12f2b31bad560eb4f"},"headline":"ACTES | Webinaire Ville Perm\u00e9able 2023 | La place du v\u00e9g\u00e9tal en ville &#8211; France-Qu\u00e9bec-Belgique","datePublished":"2023-03-27T06:00:00+00:00","dateModified":"2026-03-17T15:38:06+00:00","mainEntityOfPage":{"@id":"https:\/\/asso.graie.org\/portail\/webinaire-ville-permeable-vegetal-en-ville\/"},"wordCount":733,"publisher":{"@id":"https:\/\/asso.graie.org\/portail\/#organization"},"keywords":["CoopFrQc","eau pluviale","France-Quebec","NBS","perm\u00e9able","pluvial","Retours experiences","ville","VILLE PERMEABLE"],"articleSection":["Actu Graie","Eau dans la ville","Eaux pluviales","Eaux pluviales et am\u00e9nagement","Historique Agenda","Productions","Toute l'actualit\u00e9"],"inLanguage":"fr-FR"},{"@type":"WebPage","@id":"https:\/\/asso.graie.org\/portail\/webinaire-ville-permeable-vegetal-en-ville\/","url":"https:\/\/asso.graie.org\/portail\/webinaire-ville-permeable-vegetal-en-ville\/","name":"Webinaire France\/Qu\u00e9bec | Ville Perm\u00e9able","isPartOf":{"@id":"https:\/\/asso.graie.org\/portail\/#website"},"datePublished":"2023-03-27T06:00:00+00:00","dateModified":"2026-03-17T15:38:06+00:00","description":"Participez \u00e0 ce webinaire France\/Qu\u00e9bec Ville Perm\u00e9able portant sur la place du v\u00e9g\u00e9tal en ville le 12 mai 2023.","breadcrumb":{"@id":"https:\/\/asso.graie.org\/portail\/webinaire-ville-permeable-vegetal-en-ville\/#breadcrumb"},"inLanguage":"fr-FR","potentialAction":[{"@type":"ReadAction","target":["https:\/\/asso.graie.org\/portail\/webinaire-ville-permeable-vegetal-en-ville\/"]}]},{"@type":"BreadcrumbList","@id":"https:\/\/asso.graie.org\/portail\/webinaire-ville-permeable-vegetal-en-ville\/#breadcrumb","itemListElement":[{"@type":"ListItem","position":1,"name":"Accueil","item":"https:\/\/asso.graie.org\/portail\/"},{"@type":"ListItem","position":2,"name":"ACTES | Webinaire Ville Perm\u00e9able 2023 | La place du v\u00e9g\u00e9tal en ville &#8211; France-Qu\u00e9bec-Belgique"}]},{"@type":"WebSite","@id":"https:\/\/asso.graie.org\/portail\/#website","url":"https:\/\/asso.graie.org\/portail\/","name":"Graie","description":"P\u00f4le Eau et Territoires","publisher":{"@id":"https:\/\/asso.graie.org\/portail\/#organization"},"potentialAction":[{"@type":"SearchAction","target":{"@type":"EntryPoint","urlTemplate":"https:\/\/asso.graie.org\/portail\/?s={search_term_string}"},"query-input":"required name=search_term_string"}],"inLanguage":"fr-FR"},{"@type":"Organization","@id":"https:\/\/asso.graie.org\/portail\/#organization","name":"Le Graie","url":"https:\/\/asso.graie.org\/portail\/","logo":{"@type":"ImageObject","inLanguage":"fr-FR","@id":"https:\/\/asso.graie.org\/portail\/#\/schema\/logo\/image\/","url":"https:\/\/asso.graie.org\/portail\/wp-content\/uploads\/2021\/12\/Logotype-Graie.png","contentUrl":"https:\/\/asso.graie.org\/portail\/wp-content\/uploads\/2021\/12\/Logotype-Graie.png","width":1890,"height":1181,"caption":"Le Graie"},"image":{"@id":"https:\/\/asso.graie.org\/portail\/#\/schema\/logo\/image\/"},"sameAs":["https:\/\/fr.linkedin.com\/company\/graie?trk=top_nav_home","https:\/\/www.youtube.com\/channel\/UCZQk0Tt7upYwERYNdDIZqLQ","https:\/\/twitter.com\/asso_graie"]},{"@type":"Person","@id":"https:\/\/asso.graie.org\/portail\/#\/schema\/person\/486e14d091ff09d12f2b31bad560eb4f","name":"Maureen Carpentier","url":"https:\/\/asso.graie.org\/portail\/author\/juliettecasanova\/"}]}},"_links":{"self":[{"href":"https:\/\/asso.graie.org\/portail\/wp-json\/wp\/v2\/posts\/23191"}],"collection":[{"href":"https:\/\/asso.graie.org\/portail\/wp-json\/wp\/v2\/posts"}],"about":[{"href":"https:\/\/asso.graie.org\/portail\/wp-json\/wp\/v2\/types\/post"}],"author":[{"embeddable":true,"href":"https:\/\/asso.graie.org\/portail\/wp-json\/wp\/v2\/users\/16"}],"replies":[{"embeddable":true,"href":"https:\/\/asso.graie.org\/portail\/wp-json\/wp\/v2\/comments?post=23191"}],"version-history":[{"count":41,"href":"https:\/\/asso.graie.org\/portail\/wp-json\/wp\/v2\/posts\/23191\/revisions"}],"predecessor-version":[{"id":31759,"href":"https:\/\/asso.graie.org\/portail\/wp-json\/wp\/v2\/posts\/23191\/revisions\/31759"}],"wp:featuredmedia":[{"embeddable":true,"href":"https:\/\/asso.graie.org\/portail\/wp-json\/wp\/v2\/media\/23209"}],"wp:attachment":[{"href":"https:\/\/asso.graie.org\/portail\/wp-json\/wp\/v2\/media?parent=23191"}],"wp:term":[{"taxonomy":"category","embeddable":true,"href":"https:\/\/asso.graie.org\/portail\/wp-json\/wp\/v2\/categories?post=23191"},{"taxonomy":"post_tag","embeddable":true,"href":"https:\/\/asso.graie.org\/portail\/wp-json\/wp\/v2\/tags?post=23191"}],"curies":[{"name":"wp","href":"https:\/\/api.w.org\/{rel}","templated":true}]}}