{"id":23346,"date":"2023-03-24T09:33:00","date_gmt":"2023-03-24T08:33:00","guid":{"rendered":"https:\/\/asso.graie.org\/portail\/?p=23346"},"modified":"2024-10-01T10:23:56","modified_gmt":"2024-10-01T08:23:56","slug":"atelier-vad-graie-nov22-3","status":"publish","type":"post","link":"https:\/\/asso.graie.org\/portail\/atelier-vad-graie-nov22-3\/","title":{"rendered":"2e rencontre VAD &#8211; Graie | Eaux pluviales &#038; adaptation au changement climatique"},"content":{"rendered":"\n<div style=\"height:23px\" aria-hidden=\"true\" class=\"wp-block-spacer\"><\/div>\n\n\n\n<figure class=\"wp-block-image size-large\"><img decoding=\"async\" loading=\"lazy\" width=\"1024\" height=\"234\" src=\"https:\/\/asso.graie.org\/portail\/wp-content\/uploads\/2022\/10\/Copie-de-Banniere_GT_EauVille_Logos3-1-1024x234.png\" alt=\"\" class=\"wp-image-22045\" srcset=\"https:\/\/asso.graie.org\/portail\/wp-content\/uploads\/2022\/10\/Copie-de-Banniere_GT_EauVille_Logos3-1-1024x234.png 1024w, https:\/\/asso.graie.org\/portail\/wp-content\/uploads\/2022\/10\/Copie-de-Banniere_GT_EauVille_Logos3-1-300x68.png 300w, https:\/\/asso.graie.org\/portail\/wp-content\/uploads\/2022\/10\/Copie-de-Banniere_GT_EauVille_Logos3-1-768x175.png 768w, https:\/\/asso.graie.org\/portail\/wp-content\/uploads\/2022\/10\/Copie-de-Banniere_GT_EauVille_Logos3-1-1536x351.png 1536w, https:\/\/asso.graie.org\/portail\/wp-content\/uploads\/2022\/10\/Copie-de-Banniere_GT_EauVille_Logos3-1-2048x467.png 2048w\" sizes=\"(max-width: 1024px) 100vw, 1024px\" \/><\/figure>\n\n\n\n<div style=\"height:41px\" aria-hidden=\"true\" class=\"wp-block-spacer\"><\/div>\n\n\n\n<h2 class=\"wp-block-heading\">Le Graie et VAD proposent une deuxi\u00e8me journ\u00e9e de rencontre pour renforcer les liens entre les acteurs de l\u2019eau et ceux de l\u2019am\u00e9nagement. <\/h2>\n\n\n\n<p>Cet \u00e9v\u00e8nement est r\u00e9serv\u00e9 aux membres des deux structures et se d\u00e9roulera \u00e0 Lyon.<\/p>\n\n\n\n<div style=\"height:37px\" aria-hidden=\"true\" class=\"wp-block-spacer\"><\/div>\n\n\n\n<hr class=\"wp-block-separator has-css-opacity\"\/>\n\n\n\n<div style=\"height:28px\" aria-hidden=\"true\" class=\"wp-block-spacer\"><\/div>\n\n\n\n<h3 class=\"wp-block-heading has-text-align-center has-text-color\" style=\"color:#3a2d87\">Le 14 juin 2023<\/h3>\n\n\n\n<p class=\"has-text-align-center\"><strong>9h30 &#8211; 17h<\/strong><\/p>\n\n\n\n<div style=\"height:16px\" aria-hidden=\"true\" class=\"wp-block-spacer\"><\/div>\n\n\n\n<h3 class=\"wp-block-heading has-text-align-center\">H\u00f4tel de la M\u00e9tropole de Lyon<\/h3>\n\n\n\n<p class=\"has-text-align-center\"><strong>20 rue du Lac, 69003 Lyon<\/strong><\/p>\n\n\n\n<div style=\"height:28px\" aria-hidden=\"true\" class=\"wp-block-spacer\"><\/div>\n\n\n\n<div style=\"height:28px\" aria-hidden=\"true\" class=\"wp-block-spacer\"><\/div>\n\n\n\n<hr class=\"wp-block-separator has-css-opacity\"\/>\n\n\n\n<div style=\"height:39px\" aria-hidden=\"true\" class=\"wp-block-spacer\"><\/div>\n\n\n\n<h3 class=\"wp-block-heading\">La rencontre VAD &#8211; Graie<\/h3>\n\n\n\n<div style=\"height:20px\" aria-hidden=\"true\" class=\"wp-block-spacer\"><\/div>\n\n\n\n<p>Ev\u00e8nement \u00e0 l\u2019initiative de la Communaut\u00e9 Am\u00e9nagement des Territoires de VAD et du groupe Eaux Pluviales du GRAIE dans le cadre du partenariat entre le GRAIE et VAD.<br>Il s\u2019agit ainsi d\u2019un \u00e9v\u00e8nement r\u00e9serv\u00e9 aux adh\u00e9rents des deux structures.<\/p>\n\n\n\n<p>Dans la continuit\u00e9 de la journ\u00e9e r\u00e9alis\u00e9e en novembre 2022, nous vous proposons un nouveau temps d\u2019\u00e9change entre acteurs de l\u2019eau et acteurs de l\u2019am\u00e9nagement. Cette journ\u00e9e sera sous le signe du \u00ab&nbsp;d\u00e9cloisonnement&nbsp;\u00bb et de la transversalit\u00e9 entre acteurs de l\u2019am\u00e9nagement afin de r\u00e9pondre aux interrogations portant sur la gestion et le suivi dans le temps des ouvrages de gestion des eaux pluviales. Cela pose notamment la question du r\u00f4le de l\u2019assistant \u00e0 ma\u00eetrise d\u2019usage et de l\u2019animateur eau pluviale pour favoriser liens entre acteurs et la diffusion de la culture sur l\u2019eau, les sols et le v\u00e9g\u00e9tal.<\/p>\n\n\n\n<p>L\u2019\u00e9v\u00e8nement se tiendra sur toute la journ\u00e9e.<\/p>\n\n\n\n<div style=\"height:77px\" aria-hidden=\"true\" class=\"wp-block-spacer\"><\/div>\n\n\n\n<h3 class=\"wp-block-heading\">Pr\u00e9-programme <\/h3>\n\n\n\n<ul>\n<li><strong>9h <\/strong>&nbsp;: Accueil caf\u00e9<\/li>\n\n\n\n<li><strong>9h30 <\/strong>&nbsp;: Brise-glace<\/li>\n\n\n\n<li><strong>9h50 <\/strong>&nbsp;: Introduction de la journ\u00e9e<\/li>\n\n\n\n<li><strong>10h <\/strong>&nbsp;: Restitution m\u00e9moire de recherche \u00e9tudiants (atelier participatif)<\/li>\n\n\n\n<li><strong>12h <\/strong>&nbsp;: D\u00e9jeuner<\/li>\n\n\n\n<li><strong>13h30 <\/strong>&nbsp;: Visite \u00e0 proximit\u00e9 en lien avec la strat\u00e9gie ville perm\u00e9able de la M\u00e9tropole<\/li>\n\n\n\n<li><strong>14h30 <\/strong>&nbsp;: Partage REX par les participants<\/li>\n\n\n\n<li><strong>15h <\/strong>&nbsp;: Table ronde \u00ab&nbsp;gestion des EP et jeux d\u2019acteurs&nbsp;: passer du silo au r\u00e9sEAU&nbsp;\u00bb<\/li>\n\n\n\n<li><strong>16h30 <\/strong>&nbsp;: Conclusion avec propositions d\u2019id\u00e9es sur actions VAD\/GRAIE<\/li>\n<\/ul>\n\n\n\n<div style=\"height:33px\" aria-hidden=\"true\" class=\"wp-block-spacer\"><\/div>\n\n\n\n<div style=\"height:65px\" aria-hidden=\"true\" class=\"wp-block-spacer\"><\/div>\n\n\n\n<figure class=\"wp-block-image size-large\"><img decoding=\"async\" loading=\"lazy\" width=\"1024\" height=\"285\" src=\"https:\/\/asso.graie.org\/portail\/wp-content\/uploads\/2022\/10\/partenaires_atelier_vad-1024x285.png\" alt=\"\" class=\"wp-image-22017\" srcset=\"https:\/\/asso.graie.org\/portail\/wp-content\/uploads\/2022\/10\/partenaires_atelier_vad-1024x285.png 1024w, https:\/\/asso.graie.org\/portail\/wp-content\/uploads\/2022\/10\/partenaires_atelier_vad-300x83.png 300w, https:\/\/asso.graie.org\/portail\/wp-content\/uploads\/2022\/10\/partenaires_atelier_vad-768x213.png 768w, https:\/\/asso.graie.org\/portail\/wp-content\/uploads\/2022\/10\/partenaires_atelier_vad.png 1335w\" sizes=\"(max-width: 1024px) 100vw, 1024px\" \/><\/figure>\n\n\n\n<div style=\"height:44px\" aria-hidden=\"true\" class=\"wp-block-spacer\"><\/div>\n","protected":false},"excerpt":{"rendered":"<p>Le Graie et VAD proposent une deuxi\u00e8me journ\u00e9e de rencontre pour renforcer les liens entre les acteurs de l\u2019eau et ceux de l\u2019am\u00e9nagement. Cet \u00e9v\u00e8nement est r\u00e9serv\u00e9 aux membres des deux structures et se d\u00e9roulera \u00e0 Lyon. Le 14 juin &hellip;<\/p>\n","protected":false},"author":16,"featured_media":23379,"comment_status":"closed","ping_status":"closed","sticky":false,"template":"","format":"standard","meta":{"_mi_skip_tracking":false,"footnotes":""},"categories":[24,27,70,569,589,28],"tags":[1134,88,1792,141,268,87,1803,1802,1651,1028,95],"acf":[],"yoast_head":"<!-- This site is optimized with the Yoast SEO plugin v19.13 - https:\/\/yoast.com\/wordpress\/plugins\/seo\/ -->\n<title>Atelier VAD - Graie | Actualit\u00e9s | Graie<\/title>\n<meta name=\"description\" content=\"Le Graie et VAD proposent \u00e0 leurs adh\u00e9rents une journ\u00e9e d\u2019ateliers pour permettre d\u2019\u00e9changer autour de la th\u00e9matique de l\u2019adaptation au changement climatique sous l\u2019angle de la gestion de l\u2019eau.\" \/>\n<meta name=\"robots\" content=\"index, follow, max-snippet:-1, max-image-preview:large, max-video-preview:-1\" \/>\n<link rel=\"canonical\" href=\"https:\/\/asso.graie.org\/portail\/atelier-vad-graie-nov22-3\/\" \/>\n<meta property=\"og:locale\" content=\"fr_FR\" \/>\n<meta property=\"og:type\" content=\"article\" \/>\n<meta property=\"og:title\" content=\"Atelier VAD - Graie | Actualit\u00e9s | Graie\" \/>\n<meta property=\"og:description\" content=\"Le Graie et VAD proposent \u00e0 leurs adh\u00e9rents une journ\u00e9e d\u2019ateliers pour permettre d\u2019\u00e9changer autour de la th\u00e9matique de l\u2019adaptation au changement climatique sous l\u2019angle de la gestion de l\u2019eau.\" \/>\n<meta property=\"og:url\" content=\"https:\/\/asso.graie.org\/portail\/atelier-vad-graie-nov22-3\/\" \/>\n<meta property=\"og:site_name\" content=\"Graie\" \/>\n<meta property=\"article:published_time\" content=\"2023-03-24T08:33:00+00:00\" \/>\n<meta property=\"article:modified_time\" content=\"2024-10-01T08:23:56+00:00\" \/>\n<meta property=\"og:image\" content=\"https:\/\/asso.graie.org\/portail\/wp-content\/uploads\/2023\/05\/VAD.jpg\" \/>\n\t<meta property=\"og:image:width\" content=\"1090\" \/>\n\t<meta property=\"og:image:height\" content=\"726\" \/>\n\t<meta property=\"og:image:type\" content=\"image\/jpeg\" \/>\n<meta name=\"author\" content=\"Maureen Carpentier\" \/>\n<meta name=\"twitter:card\" content=\"summary_large_image\" \/>\n<meta name=\"twitter:creator\" content=\"@asso_graie\" \/>\n<meta name=\"twitter:site\" content=\"@asso_graie\" \/>\n<meta name=\"twitter:label1\" content=\"\u00c9crit par\" \/>\n\t<meta name=\"twitter:data1\" content=\"Maureen Carpentier\" \/>\n\t<meta name=\"twitter:label2\" content=\"Dur\u00e9e de lecture estim\u00e9e\" \/>\n\t<meta name=\"twitter:data2\" content=\"2 minutes\" \/>\n<script type=\"application\/ld+json\" class=\"yoast-schema-graph\">{\"@context\":\"https:\/\/schema.org\",\"@graph\":[{\"@type\":\"Article\",\"@id\":\"https:\/\/asso.graie.org\/portail\/atelier-vad-graie-nov22-3\/#article\",\"isPartOf\":{\"@id\":\"https:\/\/asso.graie.org\/portail\/atelier-vad-graie-nov22-3\/\"},\"author\":{\"name\":\"Maureen Carpentier\",\"@id\":\"https:\/\/asso.graie.org\/portail\/#\/schema\/person\/486e14d091ff09d12f2b31bad560eb4f\"},\"headline\":\"2e rencontre VAD &#8211; Graie | Eaux pluviales &#038; adaptation au changement climatique\",\"datePublished\":\"2023-03-24T08:33:00+00:00\",\"dateModified\":\"2024-10-01T08:23:56+00:00\",\"mainEntityOfPage\":{\"@id\":\"https:\/\/asso.graie.org\/portail\/atelier-vad-graie-nov22-3\/\"},\"wordCount\":337,\"publisher\":{\"@id\":\"https:\/\/asso.graie.org\/portail\/#organization\"},\"keywords\":[\"adaptation\",\"am\u00e9nagement\",\"atelier\",\"changement climatique\",\"durable\",\"eaux pluviales\",\"gestion de l&#039;eau\",\"novembre\",\"rencontre\",\"VAD\",\"ville\"],\"articleSection\":[\"Actu Graie\",\"Actualit\u00e9s partenaires\",\"Eau dans la ville\",\"Eaux pluviales\",\"Historique Agenda\",\"Toute l'actualit\u00e9\"],\"inLanguage\":\"fr-FR\"},{\"@type\":\"WebPage\",\"@id\":\"https:\/\/asso.graie.org\/portail\/atelier-vad-graie-nov22-3\/\",\"url\":\"https:\/\/asso.graie.org\/portail\/atelier-vad-graie-nov22-3\/\",\"name\":\"Atelier VAD - Graie | Actualit\u00e9s | Graie\",\"isPartOf\":{\"@id\":\"https:\/\/asso.graie.org\/portail\/#website\"},\"datePublished\":\"2023-03-24T08:33:00+00:00\",\"dateModified\":\"2024-10-01T08:23:56+00:00\",\"description\":\"Le Graie et VAD proposent \u00e0 leurs adh\u00e9rents une journ\u00e9e d\u2019ateliers pour permettre d\u2019\u00e9changer autour de la th\u00e9matique de l\u2019adaptation au changement climatique sous l\u2019angle de la gestion de l\u2019eau.\",\"breadcrumb\":{\"@id\":\"https:\/\/asso.graie.org\/portail\/atelier-vad-graie-nov22-3\/#breadcrumb\"},\"inLanguage\":\"fr-FR\",\"potentialAction\":[{\"@type\":\"ReadAction\",\"target\":[\"https:\/\/asso.graie.org\/portail\/atelier-vad-graie-nov22-3\/\"]}]},{\"@type\":\"BreadcrumbList\",\"@id\":\"https:\/\/asso.graie.org\/portail\/atelier-vad-graie-nov22-3\/#breadcrumb\",\"itemListElement\":[{\"@type\":\"ListItem\",\"position\":1,\"name\":\"Accueil\",\"item\":\"https:\/\/asso.graie.org\/portail\/\"},{\"@type\":\"ListItem\",\"position\":2,\"name\":\"2e rencontre VAD &#8211; Graie | Eaux pluviales &#038; adaptation au changement climatique\"}]},{\"@type\":\"WebSite\",\"@id\":\"https:\/\/asso.graie.org\/portail\/#website\",\"url\":\"https:\/\/asso.graie.org\/portail\/\",\"name\":\"Graie\",\"description\":\"P\u00f4le Eau et Territoires\",\"publisher\":{\"@id\":\"https:\/\/asso.graie.org\/portail\/#organization\"},\"potentialAction\":[{\"@type\":\"SearchAction\",\"target\":{\"@type\":\"EntryPoint\",\"urlTemplate\":\"https:\/\/asso.graie.org\/portail\/?s={search_term_string}\"},\"query-input\":\"required name=search_term_string\"}],\"inLanguage\":\"fr-FR\"},{\"@type\":\"Organization\",\"@id\":\"https:\/\/asso.graie.org\/portail\/#organization\",\"name\":\"Le Graie\",\"url\":\"https:\/\/asso.graie.org\/portail\/\",\"logo\":{\"@type\":\"ImageObject\",\"inLanguage\":\"fr-FR\",\"@id\":\"https:\/\/asso.graie.org\/portail\/#\/schema\/logo\/image\/\",\"url\":\"https:\/\/asso.graie.org\/portail\/wp-content\/uploads\/2021\/12\/Logotype-Graie.png\",\"contentUrl\":\"https:\/\/asso.graie.org\/portail\/wp-content\/uploads\/2021\/12\/Logotype-Graie.png\",\"width\":1890,\"height\":1181,\"caption\":\"Le Graie\"},\"image\":{\"@id\":\"https:\/\/asso.graie.org\/portail\/#\/schema\/logo\/image\/\"},\"sameAs\":[\"https:\/\/fr.linkedin.com\/company\/graie?trk=top_nav_home\",\"https:\/\/www.youtube.com\/channel\/UCZQk0Tt7upYwERYNdDIZqLQ\",\"https:\/\/twitter.com\/asso_graie\"]},{\"@type\":\"Person\",\"@id\":\"https:\/\/asso.graie.org\/portail\/#\/schema\/person\/486e14d091ff09d12f2b31bad560eb4f\",\"name\":\"Maureen Carpentier\",\"url\":\"https:\/\/asso.graie.org\/portail\/author\/juliettecasanova\/\"}]}<\/script>\n<!-- \/ Yoast SEO plugin. -->","yoast_head_json":{"title":"Atelier VAD - Graie | Actualit\u00e9s | Graie","description":"Le Graie et VAD proposent \u00e0 leurs adh\u00e9rents une journ\u00e9e d\u2019ateliers pour permettre d\u2019\u00e9changer autour de la th\u00e9matique de l\u2019adaptation au changement climatique sous l\u2019angle de la gestion de l\u2019eau.","robots":{"index":"index","follow":"follow","max-snippet":"max-snippet:-1","max-image-preview":"max-image-preview:large","max-video-preview":"max-video-preview:-1"},"canonical":"https:\/\/asso.graie.org\/portail\/atelier-vad-graie-nov22-3\/","og_locale":"fr_FR","og_type":"article","og_title":"Atelier VAD - Graie | Actualit\u00e9s | Graie","og_description":"Le Graie et VAD proposent \u00e0 leurs adh\u00e9rents une journ\u00e9e d\u2019ateliers pour permettre d\u2019\u00e9changer autour de la th\u00e9matique de l\u2019adaptation au changement climatique sous l\u2019angle de la gestion de l\u2019eau.","og_url":"https:\/\/asso.graie.org\/portail\/atelier-vad-graie-nov22-3\/","og_site_name":"Graie","article_published_time":"2023-03-24T08:33:00+00:00","article_modified_time":"2024-10-01T08:23:56+00:00","og_image":[{"width":1090,"height":726,"url":"https:\/\/asso.graie.org\/portail\/wp-content\/uploads\/2023\/05\/VAD.jpg","type":"image\/jpeg"}],"author":"Maureen Carpentier","twitter_card":"summary_large_image","twitter_creator":"@asso_graie","twitter_site":"@asso_graie","twitter_misc":{"\u00c9crit par":"Maureen Carpentier","Dur\u00e9e de lecture estim\u00e9e":"2 minutes"},"schema":{"@context":"https:\/\/schema.org","@graph":[{"@type":"Article","@id":"https:\/\/asso.graie.org\/portail\/atelier-vad-graie-nov22-3\/#article","isPartOf":{"@id":"https:\/\/asso.graie.org\/portail\/atelier-vad-graie-nov22-3\/"},"author":{"name":"Maureen Carpentier","@id":"https:\/\/asso.graie.org\/portail\/#\/schema\/person\/486e14d091ff09d12f2b31bad560eb4f"},"headline":"2e rencontre VAD &#8211; Graie | Eaux pluviales &#038; adaptation au changement climatique","datePublished":"2023-03-24T08:33:00+00:00","dateModified":"2024-10-01T08:23:56+00:00","mainEntityOfPage":{"@id":"https:\/\/asso.graie.org\/portail\/atelier-vad-graie-nov22-3\/"},"wordCount":337,"publisher":{"@id":"https:\/\/asso.graie.org\/portail\/#organization"},"keywords":["adaptation","am\u00e9nagement","atelier","changement climatique","durable","eaux pluviales","gestion de l&#039;eau","novembre","rencontre","VAD","ville"],"articleSection":["Actu Graie","Actualit\u00e9s partenaires","Eau dans la ville","Eaux pluviales","Historique Agenda","Toute l'actualit\u00e9"],"inLanguage":"fr-FR"},{"@type":"WebPage","@id":"https:\/\/asso.graie.org\/portail\/atelier-vad-graie-nov22-3\/","url":"https:\/\/asso.graie.org\/portail\/atelier-vad-graie-nov22-3\/","name":"Atelier VAD - Graie | Actualit\u00e9s | Graie","isPartOf":{"@id":"https:\/\/asso.graie.org\/portail\/#website"},"datePublished":"2023-03-24T08:33:00+00:00","dateModified":"2024-10-01T08:23:56+00:00","description":"Le Graie et VAD proposent \u00e0 leurs adh\u00e9rents une journ\u00e9e d\u2019ateliers pour permettre d\u2019\u00e9changer autour de la th\u00e9matique de l\u2019adaptation au changement climatique sous l\u2019angle de la gestion de l\u2019eau.","breadcrumb":{"@id":"https:\/\/asso.graie.org\/portail\/atelier-vad-graie-nov22-3\/#breadcrumb"},"inLanguage":"fr-FR","potentialAction":[{"@type":"ReadAction","target":["https:\/\/asso.graie.org\/portail\/atelier-vad-graie-nov22-3\/"]}]},{"@type":"BreadcrumbList","@id":"https:\/\/asso.graie.org\/portail\/atelier-vad-graie-nov22-3\/#breadcrumb","itemListElement":[{"@type":"ListItem","position":1,"name":"Accueil","item":"https:\/\/asso.graie.org\/portail\/"},{"@type":"ListItem","position":2,"name":"2e rencontre VAD &#8211; Graie | Eaux pluviales &#038; adaptation au changement climatique"}]},{"@type":"WebSite","@id":"https:\/\/asso.graie.org\/portail\/#website","url":"https:\/\/asso.graie.org\/portail\/","name":"Graie","description":"P\u00f4le Eau et Territoires","publisher":{"@id":"https:\/\/asso.graie.org\/portail\/#organization"},"potentialAction":[{"@type":"SearchAction","target":{"@type":"EntryPoint","urlTemplate":"https:\/\/asso.graie.org\/portail\/?s={search_term_string}"},"query-input":"required name=search_term_string"}],"inLanguage":"fr-FR"},{"@type":"Organization","@id":"https:\/\/asso.graie.org\/portail\/#organization","name":"Le Graie","url":"https:\/\/asso.graie.org\/portail\/","logo":{"@type":"ImageObject","inLanguage":"fr-FR","@id":"https:\/\/asso.graie.org\/portail\/#\/schema\/logo\/image\/","url":"https:\/\/asso.graie.org\/portail\/wp-content\/uploads\/2021\/12\/Logotype-Graie.png","contentUrl":"https:\/\/asso.graie.org\/portail\/wp-content\/uploads\/2021\/12\/Logotype-Graie.png","width":1890,"height":1181,"caption":"Le Graie"},"image":{"@id":"https:\/\/asso.graie.org\/portail\/#\/schema\/logo\/image\/"},"sameAs":["https:\/\/fr.linkedin.com\/company\/graie?trk=top_nav_home","https:\/\/www.youtube.com\/channel\/UCZQk0Tt7upYwERYNdDIZqLQ","https:\/\/twitter.com\/asso_graie"]},{"@type":"Person","@id":"https:\/\/asso.graie.org\/portail\/#\/schema\/person\/486e14d091ff09d12f2b31bad560eb4f","name":"Maureen Carpentier","url":"https:\/\/asso.graie.org\/portail\/author\/juliettecasanova\/"}]}},"_links":{"self":[{"href":"https:\/\/asso.graie.org\/portail\/wp-json\/wp\/v2\/posts\/23346"}],"collection":[{"href":"https:\/\/asso.graie.org\/portail\/wp-json\/wp\/v2\/posts"}],"about":[{"href":"https:\/\/asso.graie.org\/portail\/wp-json\/wp\/v2\/types\/post"}],"author":[{"embeddable":true,"href":"https:\/\/asso.graie.org\/portail\/wp-json\/wp\/v2\/users\/16"}],"replies":[{"embeddable":true,"href":"https:\/\/asso.graie.org\/portail\/wp-json\/wp\/v2\/comments?post=23346"}],"version-history":[{"count":11,"href":"https:\/\/asso.graie.org\/portail\/wp-json\/wp\/v2\/posts\/23346\/revisions"}],"predecessor-version":[{"id":26663,"href":"https:\/\/asso.graie.org\/portail\/wp-json\/wp\/v2\/posts\/23346\/revisions\/26663"}],"wp:featuredmedia":[{"embeddable":true,"href":"https:\/\/asso.graie.org\/portail\/wp-json\/wp\/v2\/media\/23379"}],"wp:attachment":[{"href":"https:\/\/asso.graie.org\/portail\/wp-json\/wp\/v2\/media?parent=23346"}],"wp:term":[{"taxonomy":"category","embeddable":true,"href":"https:\/\/asso.graie.org\/portail\/wp-json\/wp\/v2\/categories?post=23346"},{"taxonomy":"post_tag","embeddable":true,"href":"https:\/\/asso.graie.org\/portail\/wp-json\/wp\/v2\/tags?post=23346"}],"curies":[{"name":"wp","href":"https:\/\/api.w.org\/{rel}","templated":true}]}}