{"id":23852,"date":"2023-07-15T09:58:00","date_gmt":"2023-07-15T07:58:00","guid":{"rendered":"https:\/\/asso.graie.org\/portail\/?p=23852"},"modified":"2023-10-03T10:29:52","modified_gmt":"2023-10-03T08:29:52","slug":"journees-interactions-des-vegetaux-aquatiques-avec-leur-environnement-biotique-et-abiotique","status":"publish","type":"post","link":"https:\/\/asso.graie.org\/portail\/journees-interactions-des-vegetaux-aquatiques-avec-leur-environnement-biotique-et-abiotique\/","title":{"rendered":"Journ\u00e9es | Interactions des v\u00e9g\u00e9taux aquatiques avec leur environnement biotique et abiotique"},"content":{"rendered":"\n<div style=\"height:27px\" aria-hidden=\"true\" class=\"wp-block-spacer\"><\/div>\n\n\n\n<h2 class=\"wp-block-heading\"><strong>Les interactions des v\u00e9g\u00e9taux aquatiques avec leur environnement biotique et abiotique&nbsp;: de la connaissance \u00e0 la gestion.<\/strong><\/h2>\n\n\n\n<div style=\"height:27px\" aria-hidden=\"true\" class=\"wp-block-spacer\"><\/div>\n\n\n\n<p>Premi\u00e8res journ\u00e9es d\u2019\u00e9changes nationales : deux jours pour&nbsp;<strong>partager<\/strong>&nbsp;les avanc\u00e9es scientifiques et exp\u00e9riences,&nbsp;<strong>f\u00e9d\u00e9rer<\/strong>&nbsp;les acteurs au sein d\u2019un r\u00e9seau d\u2019\u00e9changes,&nbsp;<strong>identifier<\/strong>&nbsp;ensemble les premi\u00e8res actions du r\u00e9seau.<\/p>\n\n\n\n<div style=\"height:33px\" aria-hidden=\"true\" class=\"wp-block-spacer\"><\/div>\n\n\n\n<hr class=\"wp-block-separator\"\/>\n\n\n\n<div style=\"height:20px\" aria-hidden=\"true\" class=\"wp-block-spacer\"><\/div>\n\n\n\n<h3 class=\"has-text-align-center wp-block-heading\">28 et 29 septembre 2023<\/h3>\n\n\n\n<p class=\"has-text-align-center\"><strong>Universit\u00e9 Savoie Mont Blanc \u2013 Bourget du Lac<\/strong><\/p>\n\n\n\n<div style=\"height:20px\" aria-hidden=\"true\" class=\"wp-block-spacer\"><\/div>\n\n\n\n<div class=\"wp-block-buttons is-content-justification-center is-layout-flex wp-container-1 wp-block-buttons-is-layout-flex\">\n<div class=\"wp-block-button\"><a class=\"wp-block-button__link has-white-color has-vivid-green-cyan-background-color has-text-color has-background\" href=\"https:\/\/aqua-int.sciencesconf.org\/\"><strong>Inscriptions &#8211; 50 participants max<\/strong><\/a><\/div>\n\n\n\n<div class=\"wp-block-button\"><a class=\"wp-block-button__link has-white-color has-vivid-green-cyan-background-color has-text-color has-background\" href=\"https:\/\/aqua-int.sciencesconf.org\/data\/pages\/Programme_JVegetation_1.pdf\"><strong>T\u00e9l\u00e9charger le programme<\/strong><\/a><\/div>\n<\/div>\n\n\n\n<div style=\"height:20px\" aria-hidden=\"true\" class=\"wp-block-spacer\"><\/div>\n\n\n\n<hr class=\"wp-block-separator\"\/>\n\n\n\n<div style=\"height:44px\" aria-hidden=\"true\" class=\"wp-block-spacer\"><\/div>\n\n\n\n<h2 class=\"wp-block-heading\">Objectifs<\/h2>\n\n\n\n<ul><li>Synth\u00e9tiser les connaissances scientifiques<\/li><li>Partager les retours d\u2019exp\u00e9riences<\/li><li>F\u00e9d\u00e9rer un r\u00e9seau d\u2019\u00e9changes qui rassemble scientifiques et gestionnaires sur ces interactions<\/li><li>Identifier les premi\u00e8res actions du r\u00e9seau : actions de recherches, d\u2019exp\u00e9rimentations et valorisantes.<\/li><\/ul>\n\n\n\n<div style=\"height:44px\" aria-hidden=\"true\" class=\"wp-block-spacer\"><\/div>\n\n\n\n<h2 class=\"wp-block-heading\">Appel \u00e0 posters<\/h2>\n\n\n\n<p><strong>Partager&nbsp;<\/strong>les outils, exp\u00e9rimentations, solutions de gestion que vous avez d\u00e9velopp\u00e9 pour appr\u00e9hender les interactions des v\u00e9g\u00e9taux avec leur environnement \u2013&nbsp;<strong>vos propositions posters d\u00e9s maintenant et jusqu\u2019au 4 septembre.<\/strong>.<\/p>\n\n\n\n<div style=\"height:44px\" aria-hidden=\"true\" class=\"wp-block-spacer\"><\/div>\n\n\n\n<h2 class=\"wp-block-heading\">Public<\/h2>\n\n\n\n<p>Scientifiques, gestionnaires de milieux et leurs partenaires techniques et institutionnels, associations, collectivit\u00e9s, bureaux d\u2019\u00e9tudes\u2026<\/p>\n\n\n\n<p>Inscription gratuite mais obligatoire<\/p>\n\n\n\n<div style=\"height:44px\" aria-hidden=\"true\" class=\"wp-block-spacer\"><\/div>\n\n\n\n<div class=\"wp-block-buttons is-content-justification-center is-layout-flex wp-container-2 wp-block-buttons-is-layout-flex\">\n<div class=\"wp-block-button\"><a class=\"wp-block-button__link has-white-color has-vivid-green-cyan-background-color has-text-color has-background\" href=\"https:\/\/www.zabr.assograie.org\/wp-content\/uploads\/2023\/08\/JourneesInteractionsept2023.pdf\"><strong>EN SAVOIR PLUS<\/strong><\/a><\/div>\n<\/div>\n\n\n\n<div style=\"height:100px\" aria-hidden=\"true\" class=\"wp-block-spacer\"><\/div>\n","protected":false},"excerpt":{"rendered":"<p>Les interactions des v\u00e9g\u00e9taux aquatiques avec leur environnement biotique et abiotique&nbsp;: de la connaissance \u00e0 la gestion. Premi\u00e8res journ\u00e9es d\u2019\u00e9changes nationales : deux jours pour&nbsp;partager&nbsp;les avanc\u00e9es scientifiques et exp\u00e9riences,&nbsp;f\u00e9d\u00e9rer&nbsp;les acteurs au sein d\u2019un r\u00e9seau d\u2019\u00e9changes,&nbsp;identifier&nbsp;ensemble les premi\u00e8res actions du r\u00e9seau. &hellip;<\/p>\n","protected":false},"author":16,"featured_media":23853,"comment_status":"closed","ping_status":"closed","sticky":false,"template":"","format":"standard","meta":{"_mi_skip_tracking":false,"footnotes":""},"categories":[24,589,74,28],"tags":[1626,538,284],"acf":[],"yoast_head":"<!-- This site is optimized with the Yoast SEO plugin v19.13 - https:\/\/yoast.com\/wordpress\/plugins\/seo\/ -->\n<title>Journ\u00e9es | Interactions des v\u00e9g\u00e9taux aquatiques avec leur environnement biotique et abiotique | Graie<\/title>\n<meta name=\"description\" content=\"1\u00e8res journ\u00e9es nationales : les interactions des v\u00e9g\u00e9taux aquatiques avec leur environnement biotique et abiotique\u00a0: de la connaissance \u00e0 la gestion.\" \/>\n<meta name=\"robots\" content=\"index, follow, max-snippet:-1, max-image-preview:large, max-video-preview:-1\" \/>\n<link rel=\"canonical\" href=\"https:\/\/asso.graie.org\/portail\/journees-interactions-des-vegetaux-aquatiques-avec-leur-environnement-biotique-et-abiotique\/\" \/>\n<meta property=\"og:locale\" content=\"fr_FR\" \/>\n<meta property=\"og:type\" content=\"article\" \/>\n<meta property=\"og:title\" content=\"Journ\u00e9es | Interactions des v\u00e9g\u00e9taux aquatiques avec leur environnement biotique et abiotique | Graie\" \/>\n<meta property=\"og:description\" content=\"1\u00e8res journ\u00e9es nationales : les interactions des v\u00e9g\u00e9taux aquatiques avec leur environnement biotique et abiotique\u00a0: de la connaissance \u00e0 la gestion.\" \/>\n<meta property=\"og:url\" content=\"https:\/\/asso.graie.org\/portail\/journees-interactions-des-vegetaux-aquatiques-avec-leur-environnement-biotique-et-abiotique\/\" \/>\n<meta property=\"og:site_name\" content=\"Graie\" \/>\n<meta property=\"article:published_time\" content=\"2023-07-15T07:58:00+00:00\" \/>\n<meta property=\"article:modified_time\" content=\"2023-10-03T08:29:52+00:00\" \/>\n<meta property=\"og:image\" content=\"https:\/\/asso.graie.org\/portail\/wp-content\/uploads\/2023\/08\/Banner_journee_interactions_vegetaux-1024x512.png\" \/>\n\t<meta property=\"og:image:width\" content=\"1024\" \/>\n\t<meta property=\"og:image:height\" content=\"512\" \/>\n\t<meta property=\"og:image:type\" content=\"image\/png\" \/>\n<meta name=\"author\" content=\"Maureen Carpentier\" \/>\n<meta name=\"twitter:card\" content=\"summary_large_image\" \/>\n<meta name=\"twitter:creator\" content=\"@asso_graie\" \/>\n<meta name=\"twitter:site\" content=\"@asso_graie\" \/>\n<meta name=\"twitter:label1\" content=\"\u00c9crit par\" \/>\n\t<meta name=\"twitter:data1\" content=\"Maureen Carpentier\" \/>\n\t<meta name=\"twitter:label2\" content=\"Dur\u00e9e de lecture estim\u00e9e\" \/>\n\t<meta name=\"twitter:data2\" content=\"1 minute\" \/>\n<script type=\"application\/ld+json\" class=\"yoast-schema-graph\">{\"@context\":\"https:\/\/schema.org\",\"@graph\":[{\"@type\":\"Article\",\"@id\":\"https:\/\/asso.graie.org\/portail\/journees-interactions-des-vegetaux-aquatiques-avec-leur-environnement-biotique-et-abiotique\/#article\",\"isPartOf\":{\"@id\":\"https:\/\/asso.graie.org\/portail\/journees-interactions-des-vegetaux-aquatiques-avec-leur-environnement-biotique-et-abiotique\/\"},\"author\":{\"name\":\"Maureen Carpentier\",\"@id\":\"https:\/\/asso.graie.org\/portail\/#\/schema\/person\/486e14d091ff09d12f2b31bad560eb4f\"},\"headline\":\"Journ\u00e9es | Interactions des v\u00e9g\u00e9taux aquatiques avec leur environnement biotique et abiotique\",\"datePublished\":\"2023-07-15T07:58:00+00:00\",\"dateModified\":\"2023-10-03T08:29:52+00:00\",\"mainEntityOfPage\":{\"@id\":\"https:\/\/asso.graie.org\/portail\/journees-interactions-des-vegetaux-aquatiques-avec-leur-environnement-biotique-et-abiotique\/\"},\"wordCount\":204,\"publisher\":{\"@id\":\"https:\/\/asso.graie.org\/portail\/#organization\"},\"keywords\":[\"journ\u00e9e\",\"v\u00e9g\u00e9tation\",\"ZABR\"],\"articleSection\":[\"Actu Graie\",\"Historique Agenda\",\"Milieux aquatiques\",\"Toute l'actualit\u00e9\"],\"inLanguage\":\"fr-FR\"},{\"@type\":\"WebPage\",\"@id\":\"https:\/\/asso.graie.org\/portail\/journees-interactions-des-vegetaux-aquatiques-avec-leur-environnement-biotique-et-abiotique\/\",\"url\":\"https:\/\/asso.graie.org\/portail\/journees-interactions-des-vegetaux-aquatiques-avec-leur-environnement-biotique-et-abiotique\/\",\"name\":\"Journ\u00e9es | Interactions des v\u00e9g\u00e9taux aquatiques avec leur environnement biotique et abiotique | Graie\",\"isPartOf\":{\"@id\":\"https:\/\/asso.graie.org\/portail\/#website\"},\"datePublished\":\"2023-07-15T07:58:00+00:00\",\"dateModified\":\"2023-10-03T08:29:52+00:00\",\"description\":\"1\u00e8res journ\u00e9es nationales : les interactions des v\u00e9g\u00e9taux aquatiques avec leur environnement biotique et abiotique\u00a0: de la connaissance \u00e0 la gestion.\",\"breadcrumb\":{\"@id\":\"https:\/\/asso.graie.org\/portail\/journees-interactions-des-vegetaux-aquatiques-avec-leur-environnement-biotique-et-abiotique\/#breadcrumb\"},\"inLanguage\":\"fr-FR\",\"potentialAction\":[{\"@type\":\"ReadAction\",\"target\":[\"https:\/\/asso.graie.org\/portail\/journees-interactions-des-vegetaux-aquatiques-avec-leur-environnement-biotique-et-abiotique\/\"]}]},{\"@type\":\"BreadcrumbList\",\"@id\":\"https:\/\/asso.graie.org\/portail\/journees-interactions-des-vegetaux-aquatiques-avec-leur-environnement-biotique-et-abiotique\/#breadcrumb\",\"itemListElement\":[{\"@type\":\"ListItem\",\"position\":1,\"name\":\"Accueil\",\"item\":\"https:\/\/asso.graie.org\/portail\/\"},{\"@type\":\"ListItem\",\"position\":2,\"name\":\"Journ\u00e9es | Interactions des v\u00e9g\u00e9taux aquatiques avec leur environnement biotique et abiotique\"}]},{\"@type\":\"WebSite\",\"@id\":\"https:\/\/asso.graie.org\/portail\/#website\",\"url\":\"https:\/\/asso.graie.org\/portail\/\",\"name\":\"Graie\",\"description\":\"P\u00f4le Eau et Territoires\",\"publisher\":{\"@id\":\"https:\/\/asso.graie.org\/portail\/#organization\"},\"potentialAction\":[{\"@type\":\"SearchAction\",\"target\":{\"@type\":\"EntryPoint\",\"urlTemplate\":\"https:\/\/asso.graie.org\/portail\/?s={search_term_string}\"},\"query-input\":\"required name=search_term_string\"}],\"inLanguage\":\"fr-FR\"},{\"@type\":\"Organization\",\"@id\":\"https:\/\/asso.graie.org\/portail\/#organization\",\"name\":\"Le Graie\",\"url\":\"https:\/\/asso.graie.org\/portail\/\",\"logo\":{\"@type\":\"ImageObject\",\"inLanguage\":\"fr-FR\",\"@id\":\"https:\/\/asso.graie.org\/portail\/#\/schema\/logo\/image\/\",\"url\":\"https:\/\/asso.graie.org\/portail\/wp-content\/uploads\/2021\/12\/Logotype-Graie.png\",\"contentUrl\":\"https:\/\/asso.graie.org\/portail\/wp-content\/uploads\/2021\/12\/Logotype-Graie.png\",\"width\":1890,\"height\":1181,\"caption\":\"Le Graie\"},\"image\":{\"@id\":\"https:\/\/asso.graie.org\/portail\/#\/schema\/logo\/image\/\"},\"sameAs\":[\"https:\/\/fr.linkedin.com\/company\/graie?trk=top_nav_home\",\"https:\/\/www.youtube.com\/channel\/UCZQk0Tt7upYwERYNdDIZqLQ\",\"https:\/\/twitter.com\/asso_graie\"]},{\"@type\":\"Person\",\"@id\":\"https:\/\/asso.graie.org\/portail\/#\/schema\/person\/486e14d091ff09d12f2b31bad560eb4f\",\"name\":\"Maureen Carpentier\",\"url\":\"https:\/\/asso.graie.org\/portail\/author\/juliettecasanova\/\"}]}<\/script>\n<!-- \/ Yoast SEO plugin. -->","yoast_head_json":{"title":"Journ\u00e9es | Interactions des v\u00e9g\u00e9taux aquatiques avec leur environnement biotique et abiotique | Graie","description":"1\u00e8res journ\u00e9es nationales : les interactions des v\u00e9g\u00e9taux aquatiques avec leur environnement biotique et abiotique\u00a0: de la connaissance \u00e0 la gestion.","robots":{"index":"index","follow":"follow","max-snippet":"max-snippet:-1","max-image-preview":"max-image-preview:large","max-video-preview":"max-video-preview:-1"},"canonical":"https:\/\/asso.graie.org\/portail\/journees-interactions-des-vegetaux-aquatiques-avec-leur-environnement-biotique-et-abiotique\/","og_locale":"fr_FR","og_type":"article","og_title":"Journ\u00e9es | Interactions des v\u00e9g\u00e9taux aquatiques avec leur environnement biotique et abiotique | Graie","og_description":"1\u00e8res journ\u00e9es nationales : les interactions des v\u00e9g\u00e9taux aquatiques avec leur environnement biotique et abiotique\u00a0: de la connaissance \u00e0 la gestion.","og_url":"https:\/\/asso.graie.org\/portail\/journees-interactions-des-vegetaux-aquatiques-avec-leur-environnement-biotique-et-abiotique\/","og_site_name":"Graie","article_published_time":"2023-07-15T07:58:00+00:00","article_modified_time":"2023-10-03T08:29:52+00:00","og_image":[{"width":1024,"height":512,"url":"https:\/\/asso.graie.org\/portail\/wp-content\/uploads\/2023\/08\/Banner_journee_interactions_vegetaux-1024x512.png","type":"image\/png"}],"author":"Maureen Carpentier","twitter_card":"summary_large_image","twitter_creator":"@asso_graie","twitter_site":"@asso_graie","twitter_misc":{"\u00c9crit par":"Maureen Carpentier","Dur\u00e9e de lecture estim\u00e9e":"1 minute"},"schema":{"@context":"https:\/\/schema.org","@graph":[{"@type":"Article","@id":"https:\/\/asso.graie.org\/portail\/journees-interactions-des-vegetaux-aquatiques-avec-leur-environnement-biotique-et-abiotique\/#article","isPartOf":{"@id":"https:\/\/asso.graie.org\/portail\/journees-interactions-des-vegetaux-aquatiques-avec-leur-environnement-biotique-et-abiotique\/"},"author":{"name":"Maureen Carpentier","@id":"https:\/\/asso.graie.org\/portail\/#\/schema\/person\/486e14d091ff09d12f2b31bad560eb4f"},"headline":"Journ\u00e9es | Interactions des v\u00e9g\u00e9taux aquatiques avec leur environnement biotique et abiotique","datePublished":"2023-07-15T07:58:00+00:00","dateModified":"2023-10-03T08:29:52+00:00","mainEntityOfPage":{"@id":"https:\/\/asso.graie.org\/portail\/journees-interactions-des-vegetaux-aquatiques-avec-leur-environnement-biotique-et-abiotique\/"},"wordCount":204,"publisher":{"@id":"https:\/\/asso.graie.org\/portail\/#organization"},"keywords":["journ\u00e9e","v\u00e9g\u00e9tation","ZABR"],"articleSection":["Actu Graie","Historique Agenda","Milieux aquatiques","Toute l'actualit\u00e9"],"inLanguage":"fr-FR"},{"@type":"WebPage","@id":"https:\/\/asso.graie.org\/portail\/journees-interactions-des-vegetaux-aquatiques-avec-leur-environnement-biotique-et-abiotique\/","url":"https:\/\/asso.graie.org\/portail\/journees-interactions-des-vegetaux-aquatiques-avec-leur-environnement-biotique-et-abiotique\/","name":"Journ\u00e9es | Interactions des v\u00e9g\u00e9taux aquatiques avec leur environnement biotique et abiotique | Graie","isPartOf":{"@id":"https:\/\/asso.graie.org\/portail\/#website"},"datePublished":"2023-07-15T07:58:00+00:00","dateModified":"2023-10-03T08:29:52+00:00","description":"1\u00e8res journ\u00e9es nationales : les interactions des v\u00e9g\u00e9taux aquatiques avec leur environnement biotique et abiotique\u00a0: de la connaissance \u00e0 la gestion.","breadcrumb":{"@id":"https:\/\/asso.graie.org\/portail\/journees-interactions-des-vegetaux-aquatiques-avec-leur-environnement-biotique-et-abiotique\/#breadcrumb"},"inLanguage":"fr-FR","potentialAction":[{"@type":"ReadAction","target":["https:\/\/asso.graie.org\/portail\/journees-interactions-des-vegetaux-aquatiques-avec-leur-environnement-biotique-et-abiotique\/"]}]},{"@type":"BreadcrumbList","@id":"https:\/\/asso.graie.org\/portail\/journees-interactions-des-vegetaux-aquatiques-avec-leur-environnement-biotique-et-abiotique\/#breadcrumb","itemListElement":[{"@type":"ListItem","position":1,"name":"Accueil","item":"https:\/\/asso.graie.org\/portail\/"},{"@type":"ListItem","position":2,"name":"Journ\u00e9es | Interactions des v\u00e9g\u00e9taux aquatiques avec leur environnement biotique et abiotique"}]},{"@type":"WebSite","@id":"https:\/\/asso.graie.org\/portail\/#website","url":"https:\/\/asso.graie.org\/portail\/","name":"Graie","description":"P\u00f4le Eau et Territoires","publisher":{"@id":"https:\/\/asso.graie.org\/portail\/#organization"},"potentialAction":[{"@type":"SearchAction","target":{"@type":"EntryPoint","urlTemplate":"https:\/\/asso.graie.org\/portail\/?s={search_term_string}"},"query-input":"required name=search_term_string"}],"inLanguage":"fr-FR"},{"@type":"Organization","@id":"https:\/\/asso.graie.org\/portail\/#organization","name":"Le Graie","url":"https:\/\/asso.graie.org\/portail\/","logo":{"@type":"ImageObject","inLanguage":"fr-FR","@id":"https:\/\/asso.graie.org\/portail\/#\/schema\/logo\/image\/","url":"https:\/\/asso.graie.org\/portail\/wp-content\/uploads\/2021\/12\/Logotype-Graie.png","contentUrl":"https:\/\/asso.graie.org\/portail\/wp-content\/uploads\/2021\/12\/Logotype-Graie.png","width":1890,"height":1181,"caption":"Le Graie"},"image":{"@id":"https:\/\/asso.graie.org\/portail\/#\/schema\/logo\/image\/"},"sameAs":["https:\/\/fr.linkedin.com\/company\/graie?trk=top_nav_home","https:\/\/www.youtube.com\/channel\/UCZQk0Tt7upYwERYNdDIZqLQ","https:\/\/twitter.com\/asso_graie"]},{"@type":"Person","@id":"https:\/\/asso.graie.org\/portail\/#\/schema\/person\/486e14d091ff09d12f2b31bad560eb4f","name":"Maureen Carpentier","url":"https:\/\/asso.graie.org\/portail\/author\/juliettecasanova\/"}]}},"_links":{"self":[{"href":"https:\/\/asso.graie.org\/portail\/wp-json\/wp\/v2\/posts\/23852"}],"collection":[{"href":"https:\/\/asso.graie.org\/portail\/wp-json\/wp\/v2\/posts"}],"about":[{"href":"https:\/\/asso.graie.org\/portail\/wp-json\/wp\/v2\/types\/post"}],"author":[{"embeddable":true,"href":"https:\/\/asso.graie.org\/portail\/wp-json\/wp\/v2\/users\/16"}],"replies":[{"embeddable":true,"href":"https:\/\/asso.graie.org\/portail\/wp-json\/wp\/v2\/comments?post=23852"}],"version-history":[{"count":7,"href":"https:\/\/asso.graie.org\/portail\/wp-json\/wp\/v2\/posts\/23852\/revisions"}],"predecessor-version":[{"id":24323,"href":"https:\/\/asso.graie.org\/portail\/wp-json\/wp\/v2\/posts\/23852\/revisions\/24323"}],"wp:featuredmedia":[{"embeddable":true,"href":"https:\/\/asso.graie.org\/portail\/wp-json\/wp\/v2\/media\/23853"}],"wp:attachment":[{"href":"https:\/\/asso.graie.org\/portail\/wp-json\/wp\/v2\/media?parent=23852"}],"wp:term":[{"taxonomy":"category","embeddable":true,"href":"https:\/\/asso.graie.org\/portail\/wp-json\/wp\/v2\/categories?post=23852"},{"taxonomy":"post_tag","embeddable":true,"href":"https:\/\/asso.graie.org\/portail\/wp-json\/wp\/v2\/tags?post=23852"}],"curies":[{"name":"wp","href":"https:\/\/api.w.org\/{rel}","templated":true}]}}