{"id":24492,"date":"2023-10-12T15:16:19","date_gmt":"2023-10-12T13:16:19","guid":{"rendered":"https:\/\/asso.graie.org\/portail\/?p=24492"},"modified":"2023-11-28T08:52:14","modified_gmt":"2023-11-28T07:52:14","slug":"1eres-assises-du-patrimoine-hydraulique","status":"publish","type":"post","link":"https:\/\/asso.graie.org\/portail\/1eres-assises-du-patrimoine-hydraulique\/","title":{"rendered":"Ev\u00e8nement Partenaire | 1\u00e8res Assises du Patrimoine hydraulique"},"content":{"rendered":"\n<div style=\"height:40px\" aria-hidden=\"true\" class=\"wp-block-spacer\"><\/div>\n\n\n\n<h2 class=\"wp-block-heading\">A l\u2019occasion des 20 ans de l&rsquo;association \u201cL\u2019Eau \u00e0 Lyon et la pompe de Cornouailles\u201d, celle-ci organise les premi\u00e8res assises du patrimoine hydraulique. <\/h2>\n\n\n\n<h2 class=\"wp-block-heading\">L&rsquo;occasion de mieux comprendre ce patrimoine et d&rsquo;\u00e9changer autour de la mise en valeur de savoir-faires h\u00e9rit\u00e9s de deux mill\u00e9naires et des enjeux soci\u00e9taux et environnementaux actuels.<\/h2>\n\n\n\n<div style=\"height:40px\" aria-hidden=\"true\" class=\"wp-block-spacer\"><\/div>\n\n\n\n<hr class=\"wp-block-separator has-alpha-channel-opacity\"\/>\n\n\n\n<div style=\"height:32px\" aria-hidden=\"true\" class=\"wp-block-spacer\"><\/div>\n\n\n\n<h3 class=\"wp-block-heading has-text-align-center\">Du 22  au 25 novembre 2023<\/h3>\n\n\n\n<p class=\"has-text-align-center\"><strong>H\u00f4tel de ville de Caluire-et-Cuire<\/strong><\/p>\n\n\n\n<div style=\"height:22px\" aria-hidden=\"true\" class=\"wp-block-spacer\"><\/div>\n\n\n\n<div class=\"wp-block-buttons is-content-justification-center is-layout-flex wp-container-1 wp-block-buttons-is-layout-flex\">\n<div class=\"wp-block-button\"><a class=\"wp-block-button__link has-white-color has-vivid-cyan-blue-background-color has-text-color has-background wp-element-button\" href=\"https:\/\/www.eaualyon.fr\/assises-patrimoine-hydraulique\/\"><strong>PLUS D&rsquo;INFORMATIONS<\/strong><\/a><\/div>\n\n\n\n<div class=\"wp-block-button\"><a class=\"wp-block-button__link has-white-color has-vivid-cyan-blue-background-color has-text-color has-background wp-element-button\" href=\"https:\/\/asso.graie.org\/portail\/wp-content\/uploads\/2023\/10\/Flyer-Assises-PatrimoineHydraulique-VF.pdf\"><strong>T\u00c9L\u00c9CHARGER LA PLAQUETTE<\/strong><\/a><\/div>\n<\/div>\n\n\n\n<div style=\"height:32px\" aria-hidden=\"true\" class=\"wp-block-spacer\"><\/div>\n\n\n\n<hr class=\"wp-block-separator has-alpha-channel-opacity\"\/>\n\n\n\n<div style=\"height:49px\" aria-hidden=\"true\" class=\"wp-block-spacer\"><\/div>\n\n\n\n<h3 class=\"wp-block-heading\">Au programme<\/h3>\n\n\n\n<p>Rencontre des diff\u00e9rents acteurs et d\u00e9bats sur les trois grands th\u00e8mes :<br><strong>Identifier, Pr\u00e9server, Valoriser.<\/strong><\/p>\n\n\n\n<p>Conf\u00e9rences autour de diff\u00e9rents th\u00e8mes comme l\u2019identification des ouvrages hydrauliques, les droits et les r\u00e9glementations, les actions de pr\u00e9servation et de m\u00e9diation scientifique \u2026 sans oublier verre de l\u2019amiti\u00e9 et d\u00eener convivial !<\/p>\n\n\n\n<div style=\"height:49px\" aria-hidden=\"true\" class=\"wp-block-spacer\"><\/div>\n\n\n\n<h3 class=\"wp-block-heading\">L&rsquo;association<\/h3>\n\n\n\n<p>L\u2019association \u201cL\u2019Eau \u00e0 Lyon et la pompe de Cornouailles\u201d \u0153uvre pour la pr\u00e9servation et la mise en valeur de l\u2019ancienne usine des eaux de Saint-Clair, propri\u00e9t\u00e9 de La M\u00e9tropole, mise en service en 1856. Elle organise des visites guid\u00e9es pour adultes et scolaires.<\/p>\n\n\n\n<div style=\"height:144px\" aria-hidden=\"true\" class=\"wp-block-spacer\"><\/div>\n","protected":false},"excerpt":{"rendered":"<p>A l\u2019occasion des 20 ans de l&rsquo;association \u201cL\u2019Eau \u00e0 Lyon et la pompe de Cornouailles\u201d, celle-ci organise les premi\u00e8res assises du patrimoine hydraulique. L&rsquo;occasion de mieux comprendre ce patrimoine et d&rsquo;\u00e9changer autour de la mise en valeur de savoir-faires h\u00e9rit\u00e9s &hellip;<\/p>\n","protected":false},"author":16,"featured_media":24495,"comment_status":"closed","ping_status":"closed","sticky":false,"template":"","format":"standard","meta":{"_mi_skip_tracking":false,"footnotes":""},"categories":[27,28],"tags":[1947,1772,1838,676,1949,1948,1651],"acf":[],"yoast_head":"<!-- This site is optimized with the Yoast SEO plugin v19.13 - https:\/\/yoast.com\/wordpress\/plugins\/seo\/ -->\n<title>Ev\u00e8nement Partenaire | 1\u00e8res Assises du Patrimoine hydraulique | Graie<\/title>\n<meta name=\"description\" content=\"A l\u2019occasion des 20 ans de \u201cL\u2019Eau \u00e0 Lyon et la pompe de Cornouailles\u201d, l&#039;association organise les premi\u00e8res assises du patrimoine hydraulique du 22 au 25 novembre 2023.\" \/>\n<meta name=\"robots\" content=\"index, follow, max-snippet:-1, max-image-preview:large, max-video-preview:-1\" \/>\n<link rel=\"canonical\" href=\"https:\/\/asso.graie.org\/portail\/1eres-assises-du-patrimoine-hydraulique\/\" \/>\n<meta property=\"og:locale\" content=\"fr_FR\" \/>\n<meta property=\"og:type\" content=\"article\" \/>\n<meta property=\"og:title\" content=\"Ev\u00e8nement Partenaire | 1\u00e8res Assises du Patrimoine hydraulique | Graie\" \/>\n<meta property=\"og:description\" content=\"A l\u2019occasion des 20 ans de \u201cL\u2019Eau \u00e0 Lyon et la pompe de Cornouailles\u201d, l&#039;association organise les premi\u00e8res assises du patrimoine hydraulique du 22 au 25 novembre 2023.\" \/>\n<meta property=\"og:url\" content=\"https:\/\/asso.graie.org\/portail\/1eres-assises-du-patrimoine-hydraulique\/\" \/>\n<meta property=\"og:site_name\" content=\"Graie\" \/>\n<meta property=\"article:published_time\" content=\"2023-10-12T13:16:19+00:00\" \/>\n<meta property=\"article:modified_time\" content=\"2023-11-28T07:52:14+00:00\" \/>\n<meta property=\"og:image\" content=\"https:\/\/asso.graie.org\/portail\/wp-content\/uploads\/2023\/10\/assises_patrimoine_hydraulique.png\" \/>\n\t<meta property=\"og:image:width\" content=\"469\" \/>\n\t<meta property=\"og:image:height\" content=\"258\" \/>\n\t<meta property=\"og:image:type\" content=\"image\/png\" \/>\n<meta name=\"author\" content=\"Maureen Carpentier\" \/>\n<meta name=\"twitter:card\" content=\"summary_large_image\" \/>\n<meta name=\"twitter:creator\" content=\"@asso_graie\" \/>\n<meta name=\"twitter:site\" content=\"@asso_graie\" \/>\n<meta name=\"twitter:label1\" content=\"\u00c9crit par\" \/>\n\t<meta name=\"twitter:data1\" content=\"Maureen Carpentier\" \/>\n\t<meta name=\"twitter:label2\" content=\"Dur\u00e9e de lecture estim\u00e9e\" \/>\n\t<meta name=\"twitter:data2\" content=\"1 minute\" \/>\n<script type=\"application\/ld+json\" class=\"yoast-schema-graph\">{\"@context\":\"https:\/\/schema.org\",\"@graph\":[{\"@type\":\"Article\",\"@id\":\"https:\/\/asso.graie.org\/portail\/1eres-assises-du-patrimoine-hydraulique\/#article\",\"isPartOf\":{\"@id\":\"https:\/\/asso.graie.org\/portail\/1eres-assises-du-patrimoine-hydraulique\/\"},\"author\":{\"name\":\"Maureen Carpentier\",\"@id\":\"https:\/\/asso.graie.org\/portail\/#\/schema\/person\/486e14d091ff09d12f2b31bad560eb4f\"},\"headline\":\"Ev\u00e8nement Partenaire | 1\u00e8res Assises du Patrimoine hydraulique\",\"datePublished\":\"2023-10-12T13:16:19+00:00\",\"dateModified\":\"2023-11-28T07:52:14+00:00\",\"mainEntityOfPage\":{\"@id\":\"https:\/\/asso.graie.org\/portail\/1eres-assises-du-patrimoine-hydraulique\/\"},\"wordCount\":189,\"publisher\":{\"@id\":\"https:\/\/asso.graie.org\/portail\/#organization\"},\"keywords\":[\"assises\",\"ateliers\",\"conf\u00e9rences\",\"d\u00e9bat\",\"patrimoine hydraulique\",\"patrioine\",\"rencontre\"],\"articleSection\":[\"Actualit\u00e9s partenaires\",\"Toute l'actualit\u00e9\"],\"inLanguage\":\"fr-FR\"},{\"@type\":\"WebPage\",\"@id\":\"https:\/\/asso.graie.org\/portail\/1eres-assises-du-patrimoine-hydraulique\/\",\"url\":\"https:\/\/asso.graie.org\/portail\/1eres-assises-du-patrimoine-hydraulique\/\",\"name\":\"Ev\u00e8nement Partenaire | 1\u00e8res Assises du Patrimoine hydraulique | Graie\",\"isPartOf\":{\"@id\":\"https:\/\/asso.graie.org\/portail\/#website\"},\"datePublished\":\"2023-10-12T13:16:19+00:00\",\"dateModified\":\"2023-11-28T07:52:14+00:00\",\"description\":\"A l\u2019occasion des 20 ans de \u201cL\u2019Eau \u00e0 Lyon et la pompe de Cornouailles\u201d, l'association organise les premi\u00e8res assises du patrimoine hydraulique du 22 au 25 novembre 2023.\",\"breadcrumb\":{\"@id\":\"https:\/\/asso.graie.org\/portail\/1eres-assises-du-patrimoine-hydraulique\/#breadcrumb\"},\"inLanguage\":\"fr-FR\",\"potentialAction\":[{\"@type\":\"ReadAction\",\"target\":[\"https:\/\/asso.graie.org\/portail\/1eres-assises-du-patrimoine-hydraulique\/\"]}]},{\"@type\":\"BreadcrumbList\",\"@id\":\"https:\/\/asso.graie.org\/portail\/1eres-assises-du-patrimoine-hydraulique\/#breadcrumb\",\"itemListElement\":[{\"@type\":\"ListItem\",\"position\":1,\"name\":\"Accueil\",\"item\":\"https:\/\/asso.graie.org\/portail\/\"},{\"@type\":\"ListItem\",\"position\":2,\"name\":\"Ev\u00e8nement Partenaire | 1\u00e8res Assises du Patrimoine hydraulique\"}]},{\"@type\":\"WebSite\",\"@id\":\"https:\/\/asso.graie.org\/portail\/#website\",\"url\":\"https:\/\/asso.graie.org\/portail\/\",\"name\":\"Graie\",\"description\":\"P\u00f4le Eau et Territoires\",\"publisher\":{\"@id\":\"https:\/\/asso.graie.org\/portail\/#organization\"},\"potentialAction\":[{\"@type\":\"SearchAction\",\"target\":{\"@type\":\"EntryPoint\",\"urlTemplate\":\"https:\/\/asso.graie.org\/portail\/?s={search_term_string}\"},\"query-input\":\"required name=search_term_string\"}],\"inLanguage\":\"fr-FR\"},{\"@type\":\"Organization\",\"@id\":\"https:\/\/asso.graie.org\/portail\/#organization\",\"name\":\"Le Graie\",\"url\":\"https:\/\/asso.graie.org\/portail\/\",\"logo\":{\"@type\":\"ImageObject\",\"inLanguage\":\"fr-FR\",\"@id\":\"https:\/\/asso.graie.org\/portail\/#\/schema\/logo\/image\/\",\"url\":\"https:\/\/asso.graie.org\/portail\/wp-content\/uploads\/2021\/12\/Logotype-Graie.png\",\"contentUrl\":\"https:\/\/asso.graie.org\/portail\/wp-content\/uploads\/2021\/12\/Logotype-Graie.png\",\"width\":1890,\"height\":1181,\"caption\":\"Le Graie\"},\"image\":{\"@id\":\"https:\/\/asso.graie.org\/portail\/#\/schema\/logo\/image\/\"},\"sameAs\":[\"https:\/\/fr.linkedin.com\/company\/graie?trk=top_nav_home\",\"https:\/\/www.youtube.com\/channel\/UCZQk0Tt7upYwERYNdDIZqLQ\",\"https:\/\/twitter.com\/asso_graie\"]},{\"@type\":\"Person\",\"@id\":\"https:\/\/asso.graie.org\/portail\/#\/schema\/person\/486e14d091ff09d12f2b31bad560eb4f\",\"name\":\"Maureen Carpentier\",\"url\":\"https:\/\/asso.graie.org\/portail\/author\/juliettecasanova\/\"}]}<\/script>\n<!-- \/ Yoast SEO plugin. -->","yoast_head_json":{"title":"Ev\u00e8nement Partenaire | 1\u00e8res Assises du Patrimoine hydraulique | Graie","description":"A l\u2019occasion des 20 ans de \u201cL\u2019Eau \u00e0 Lyon et la pompe de Cornouailles\u201d, l'association organise les premi\u00e8res assises du patrimoine hydraulique du 22 au 25 novembre 2023.","robots":{"index":"index","follow":"follow","max-snippet":"max-snippet:-1","max-image-preview":"max-image-preview:large","max-video-preview":"max-video-preview:-1"},"canonical":"https:\/\/asso.graie.org\/portail\/1eres-assises-du-patrimoine-hydraulique\/","og_locale":"fr_FR","og_type":"article","og_title":"Ev\u00e8nement Partenaire | 1\u00e8res Assises du Patrimoine hydraulique | Graie","og_description":"A l\u2019occasion des 20 ans de \u201cL\u2019Eau \u00e0 Lyon et la pompe de Cornouailles\u201d, l'association organise les premi\u00e8res assises du patrimoine hydraulique du 22 au 25 novembre 2023.","og_url":"https:\/\/asso.graie.org\/portail\/1eres-assises-du-patrimoine-hydraulique\/","og_site_name":"Graie","article_published_time":"2023-10-12T13:16:19+00:00","article_modified_time":"2023-11-28T07:52:14+00:00","og_image":[{"width":469,"height":258,"url":"https:\/\/asso.graie.org\/portail\/wp-content\/uploads\/2023\/10\/assises_patrimoine_hydraulique.png","type":"image\/png"}],"author":"Maureen Carpentier","twitter_card":"summary_large_image","twitter_creator":"@asso_graie","twitter_site":"@asso_graie","twitter_misc":{"\u00c9crit par":"Maureen Carpentier","Dur\u00e9e de lecture estim\u00e9e":"1 minute"},"schema":{"@context":"https:\/\/schema.org","@graph":[{"@type":"Article","@id":"https:\/\/asso.graie.org\/portail\/1eres-assises-du-patrimoine-hydraulique\/#article","isPartOf":{"@id":"https:\/\/asso.graie.org\/portail\/1eres-assises-du-patrimoine-hydraulique\/"},"author":{"name":"Maureen Carpentier","@id":"https:\/\/asso.graie.org\/portail\/#\/schema\/person\/486e14d091ff09d12f2b31bad560eb4f"},"headline":"Ev\u00e8nement Partenaire | 1\u00e8res Assises du Patrimoine hydraulique","datePublished":"2023-10-12T13:16:19+00:00","dateModified":"2023-11-28T07:52:14+00:00","mainEntityOfPage":{"@id":"https:\/\/asso.graie.org\/portail\/1eres-assises-du-patrimoine-hydraulique\/"},"wordCount":189,"publisher":{"@id":"https:\/\/asso.graie.org\/portail\/#organization"},"keywords":["assises","ateliers","conf\u00e9rences","d\u00e9bat","patrimoine hydraulique","patrioine","rencontre"],"articleSection":["Actualit\u00e9s partenaires","Toute l'actualit\u00e9"],"inLanguage":"fr-FR"},{"@type":"WebPage","@id":"https:\/\/asso.graie.org\/portail\/1eres-assises-du-patrimoine-hydraulique\/","url":"https:\/\/asso.graie.org\/portail\/1eres-assises-du-patrimoine-hydraulique\/","name":"Ev\u00e8nement Partenaire | 1\u00e8res Assises du Patrimoine hydraulique | Graie","isPartOf":{"@id":"https:\/\/asso.graie.org\/portail\/#website"},"datePublished":"2023-10-12T13:16:19+00:00","dateModified":"2023-11-28T07:52:14+00:00","description":"A l\u2019occasion des 20 ans de \u201cL\u2019Eau \u00e0 Lyon et la pompe de Cornouailles\u201d, l'association organise les premi\u00e8res assises du patrimoine hydraulique du 22 au 25 novembre 2023.","breadcrumb":{"@id":"https:\/\/asso.graie.org\/portail\/1eres-assises-du-patrimoine-hydraulique\/#breadcrumb"},"inLanguage":"fr-FR","potentialAction":[{"@type":"ReadAction","target":["https:\/\/asso.graie.org\/portail\/1eres-assises-du-patrimoine-hydraulique\/"]}]},{"@type":"BreadcrumbList","@id":"https:\/\/asso.graie.org\/portail\/1eres-assises-du-patrimoine-hydraulique\/#breadcrumb","itemListElement":[{"@type":"ListItem","position":1,"name":"Accueil","item":"https:\/\/asso.graie.org\/portail\/"},{"@type":"ListItem","position":2,"name":"Ev\u00e8nement Partenaire | 1\u00e8res Assises du Patrimoine hydraulique"}]},{"@type":"WebSite","@id":"https:\/\/asso.graie.org\/portail\/#website","url":"https:\/\/asso.graie.org\/portail\/","name":"Graie","description":"P\u00f4le Eau et Territoires","publisher":{"@id":"https:\/\/asso.graie.org\/portail\/#organization"},"potentialAction":[{"@type":"SearchAction","target":{"@type":"EntryPoint","urlTemplate":"https:\/\/asso.graie.org\/portail\/?s={search_term_string}"},"query-input":"required name=search_term_string"}],"inLanguage":"fr-FR"},{"@type":"Organization","@id":"https:\/\/asso.graie.org\/portail\/#organization","name":"Le Graie","url":"https:\/\/asso.graie.org\/portail\/","logo":{"@type":"ImageObject","inLanguage":"fr-FR","@id":"https:\/\/asso.graie.org\/portail\/#\/schema\/logo\/image\/","url":"https:\/\/asso.graie.org\/portail\/wp-content\/uploads\/2021\/12\/Logotype-Graie.png","contentUrl":"https:\/\/asso.graie.org\/portail\/wp-content\/uploads\/2021\/12\/Logotype-Graie.png","width":1890,"height":1181,"caption":"Le Graie"},"image":{"@id":"https:\/\/asso.graie.org\/portail\/#\/schema\/logo\/image\/"},"sameAs":["https:\/\/fr.linkedin.com\/company\/graie?trk=top_nav_home","https:\/\/www.youtube.com\/channel\/UCZQk0Tt7upYwERYNdDIZqLQ","https:\/\/twitter.com\/asso_graie"]},{"@type":"Person","@id":"https:\/\/asso.graie.org\/portail\/#\/schema\/person\/486e14d091ff09d12f2b31bad560eb4f","name":"Maureen Carpentier","url":"https:\/\/asso.graie.org\/portail\/author\/juliettecasanova\/"}]}},"_links":{"self":[{"href":"https:\/\/asso.graie.org\/portail\/wp-json\/wp\/v2\/posts\/24492"}],"collection":[{"href":"https:\/\/asso.graie.org\/portail\/wp-json\/wp\/v2\/posts"}],"about":[{"href":"https:\/\/asso.graie.org\/portail\/wp-json\/wp\/v2\/types\/post"}],"author":[{"embeddable":true,"href":"https:\/\/asso.graie.org\/portail\/wp-json\/wp\/v2\/users\/16"}],"replies":[{"embeddable":true,"href":"https:\/\/asso.graie.org\/portail\/wp-json\/wp\/v2\/comments?post=24492"}],"version-history":[{"count":8,"href":"https:\/\/asso.graie.org\/portail\/wp-json\/wp\/v2\/posts\/24492\/revisions"}],"predecessor-version":[{"id":24511,"href":"https:\/\/asso.graie.org\/portail\/wp-json\/wp\/v2\/posts\/24492\/revisions\/24511"}],"wp:featuredmedia":[{"embeddable":true,"href":"https:\/\/asso.graie.org\/portail\/wp-json\/wp\/v2\/media\/24495"}],"wp:attachment":[{"href":"https:\/\/asso.graie.org\/portail\/wp-json\/wp\/v2\/media?parent=24492"}],"wp:term":[{"taxonomy":"category","embeddable":true,"href":"https:\/\/asso.graie.org\/portail\/wp-json\/wp\/v2\/categories?post=24492"},{"taxonomy":"post_tag","embeddable":true,"href":"https:\/\/asso.graie.org\/portail\/wp-json\/wp\/v2\/tags?post=24492"}],"curies":[{"name":"wp","href":"https:\/\/api.w.org\/{rel}","templated":true}]}}