{"id":24756,"date":"2023-11-23T17:56:13","date_gmt":"2023-11-23T16:56:13","guid":{"rendered":"https:\/\/asso.graie.org\/portail\/?p=24756"},"modified":"2023-12-18T15:08:56","modified_gmt":"2023-12-18T14:08:56","slug":"seminaire-scientifique-2023-ohm-vr","status":"publish","type":"post","link":"https:\/\/asso.graie.org\/portail\/seminaire-scientifique-2023-ohm-vr\/","title":{"rendered":"S\u00e9minaire scientifique 2023 de l&rsquo;OHM VR"},"content":{"rendered":"\n<div style=\"height:54px\" aria-hidden=\"true\" class=\"wp-block-spacer\"><\/div>\n\n\n<div class=\"wp-block-image is-style-default\">\n<figure class=\"aligncenter size-full is-resized\"><a href=\"https:\/\/ohm-vallee-du-rhone.fr\/evenement\/seminaire-scientifique-annuel-2023\/\"><img decoding=\"async\" loading=\"lazy\" width=\"1588\" height=\"382\" src=\"https:\/\/asso.graie.org\/portail\/wp-content\/uploads\/2023\/11\/2023_12_12_OHM_Seminaire_Scientifique1.png\" alt=\"\" class=\"wp-image-24757\" style=\"aspect-ratio:4.157068062827225;width:840px;height:auto\" srcset=\"https:\/\/asso.graie.org\/portail\/wp-content\/uploads\/2023\/11\/2023_12_12_OHM_Seminaire_Scientifique1.png 1588w, https:\/\/asso.graie.org\/portail\/wp-content\/uploads\/2023\/11\/2023_12_12_OHM_Seminaire_Scientifique1-300x72.png 300w, https:\/\/asso.graie.org\/portail\/wp-content\/uploads\/2023\/11\/2023_12_12_OHM_Seminaire_Scientifique1-1024x246.png 1024w, https:\/\/asso.graie.org\/portail\/wp-content\/uploads\/2023\/11\/2023_12_12_OHM_Seminaire_Scientifique1-768x185.png 768w, https:\/\/asso.graie.org\/portail\/wp-content\/uploads\/2023\/11\/2023_12_12_OHM_Seminaire_Scientifique1-1536x369.png 1536w\" sizes=\"(max-width: 1588px) 100vw, 1588px\" \/><\/a><\/figure><\/div>\n\n\n<div style=\"height:54px\" aria-hidden=\"true\" class=\"wp-block-spacer\"><\/div>\n\n\n\n<h2 class=\"wp-block-heading has-text-align-center\">L\u2019Observatoire Hommes-Milieux Vall\u00e9e du Rh\u00f4ne organise son&nbsp;S\u00e9minaire&nbsp;Scientifique&nbsp;annuel.<\/h2>\n\n\n\n<div style=\"height:48px\" aria-hidden=\"true\" class=\"wp-block-spacer\"><\/div>\n\n\n\n<hr class=\"wp-block-separator has-alpha-channel-opacity\"\/>\n\n\n\n<div style=\"height:17px\" aria-hidden=\"true\" class=\"wp-block-spacer\"><\/div>\n\n\n\n<h3 class=\"wp-block-heading has-text-align-center\">Mardi 12 d\u00e9cembre 2022 de 9h \u00e0 17h<\/h3>\n\n\n\n<div class=\"wp-block-group is-layout-constrained wp-block-group-is-layout-constrained\"><div class=\"wp-block-group__inner-container\">\n<p class=\"has-text-align-center has-medium-font-size\">INRAE Lyon &#8211; Villeurbanne<\/p>\n\n\n\n<p class=\"has-text-align-center has-medium-font-size\">5 rue de la Doua, 69100 Villeurbanne<\/p>\n<\/div><\/div>\n\n\n\n<div style=\"height:17px\" aria-hidden=\"true\" class=\"wp-block-spacer\"><\/div>\n\n\n\n<hr class=\"wp-block-separator has-alpha-channel-opacity\"\/>\n\n\n\n<div style=\"height:100px\" aria-hidden=\"true\" class=\"wp-block-spacer\"><\/div>\n\n\n\n<div class=\"wp-block-columns is-layout-flex wp-container-6 wp-block-columns-is-layout-flex\">\n<div class=\"wp-block-column is-layout-flow wp-block-column-is-layout-flow\">\n<div class=\"wp-block-buttons is-content-justification-center is-layout-flex wp-container-2 wp-block-buttons-is-layout-flex\">\n<div class=\"wp-block-button has-custom-width wp-block-button__width-50 has-custom-font-size has-medium-font-size\"><a class=\"wp-block-button__link has-white-color has-text-color has-background has-text-align-center wp-element-button\" href=\"https:\/\/zfrmz.eu\/wnjiPGIyVCSXHwUaYSzE\" style=\"background-color:#3a2d87\"><strong>Inscriptions<\/strong><\/a><\/div>\n<\/div>\n<\/div>\n\n\n\n<div class=\"wp-block-column is-layout-flow wp-block-column-is-layout-flow\">\n<div class=\"wp-block-buttons is-content-justification-center is-layout-flex wp-container-4 wp-block-buttons-is-layout-flex\">\n<div class=\"wp-block-button has-custom-width wp-block-button__width-50 has-custom-font-size has-medium-font-size\"><a class=\"wp-block-button__link has-white-color has-text-color has-background has-text-align-center wp-element-button\" href=\"https:\/\/ohm-vallee-du-rhone.fr\/wp-content\/uploads\/2023\/11\/Programme_Seminaire_OHM_23.pdf\" style=\"background-color:#3a2d87\"><strong>Programme<\/strong><\/a><\/div>\n<\/div>\n<\/div>\n<\/div>\n\n\n\n<div style=\"height:57px\" aria-hidden=\"true\" class=\"wp-block-spacer\"><\/div>\n\n\n\n<p>Cet \u00e9v\u00e8nement est destin\u00e9 \u00e0 pr\u00e9senter les&nbsp;<strong>r\u00e9sultats des projets soutenus par l\u2019OHM<\/strong>&nbsp;(appel \u00e0 projet 2021-2022) et \u00e0&nbsp;<strong>partager plus largement les actualit\u00e9s de la recherche sur le Rh\u00f4ne<\/strong>.&nbsp;<\/p>\n\n\n\n<div style=\"height:100px\" aria-hidden=\"true\" class=\"wp-block-spacer\"><\/div>\n\n\n\n<p>Il sera organis\u00e9 autour des grands axes de recherche de l\u2019OHM&nbsp;:<\/p>\n\n\n\n<div style=\"height:22px\" aria-hidden=\"true\" class=\"wp-block-spacer\"><\/div>\n\n\n\n<ul>\n<li><strong>Comprendre&nbsp;<\/strong>la trajectoire g\u00e9o-historique du fleuve et les ruptures qui la marquent.<\/li>\n\n\n\n<li><strong>\u00c9tudier&nbsp;<\/strong>les applications territoriales du d\u00e9veloppement durable et de la transition environnementale<\/li>\n\n\n\n<li><strong>Caract\u00e9riser&nbsp;<\/strong>et&nbsp;<strong>\u00e9valuer&nbsp;<\/strong>le fonctionnement socio-\u00e9cosyst\u00e9mique du fleuve<\/li>\n\n\n\n<li><strong>Identifier&nbsp;<\/strong>et&nbsp;<strong>\u00e9valuer&nbsp;<\/strong>les risques environnementaux (inondations, pollutions\u2026)<\/li>\n\n\n\n<li><strong>Accompagner&nbsp;<\/strong>la restauration \u00e9cologique et suivre ses effets sur le socio-\u00e9cosyst\u00e8me fluvial<\/li>\n\n\n\n<li><strong>D\u00e9velopper&nbsp;<\/strong>des outils innovants pour la connaissance et la gestion durable du Rh\u00f4ne.<\/li>\n<\/ul>\n\n\n\n<div style=\"height:59px\" aria-hidden=\"true\" class=\"wp-block-spacer\"><\/div>\n\n\n\n<p>Ce s\u00e9minaire est ouvert \u00e0 tous les scientifiques de l&rsquo;OHM Vall\u00e9e du Rh\u00f4ne.<\/p>\n\n\n\n<div style=\"height:59px\" aria-hidden=\"true\" class=\"wp-block-spacer\"><\/div>\n\n\n\n<p><strong>Modalit\u00e9s d\u2019inscription<\/strong> : la participation est gratuite mais l\u2019inscription obligatoire.<\/p>\n\n\n\n<div style=\"height:100px\" aria-hidden=\"true\" class=\"wp-block-spacer\"><\/div>\n","protected":false},"excerpt":{"rendered":"<p>L\u2019Observatoire Hommes-Milieux Vall\u00e9e du Rh\u00f4ne organise son&nbsp;S\u00e9minaire&nbsp;Scientifique&nbsp;annuel. Mardi 12 d\u00e9cembre 2022 de 9h \u00e0 17h INRAE Lyon &#8211; Villeurbanne 5 rue de la Doua, 69100 Villeurbanne Inscriptions Programme Cet \u00e9v\u00e8nement est destin\u00e9 \u00e0 pr\u00e9senter les&nbsp;r\u00e9sultats des projets soutenus par l\u2019OHM&nbsp;(appel &hellip;<\/p>\n","protected":false},"author":16,"featured_media":20614,"comment_status":"closed","ping_status":"closed","sticky":false,"template":"","format":"standard","meta":{"_mi_skip_tracking":false,"footnotes":""},"categories":[74,28],"tags":[1879,1957,1955],"acf":[],"yoast_head":"<!-- This site is optimized with the Yoast SEO plugin v19.13 - https:\/\/yoast.com\/wordpress\/plugins\/seo\/ -->\n<title>S\u00e9minaire scientifique 2023 de l&#039;OHM VR | Graie<\/title>\n<meta name=\"description\" content=\"S\u00e9minaire Scientifique annuel de l&#039;OHM Vall\u00e9e du Rh\u00f4ne le mardi 12 d\u00e9cembre 2023 \u00e0 l&#039;INRAE Lyon-Villeurbanne.\" \/>\n<meta name=\"robots\" content=\"index, follow, max-snippet:-1, max-image-preview:large, max-video-preview:-1\" \/>\n<link rel=\"canonical\" href=\"https:\/\/asso.graie.org\/portail\/seminaire-scientifique-2023-ohm-vr\/\" \/>\n<meta property=\"og:locale\" content=\"fr_FR\" \/>\n<meta property=\"og:type\" content=\"article\" \/>\n<meta property=\"og:title\" content=\"S\u00e9minaire scientifique 2023 de l&#039;OHM VR | Graie\" \/>\n<meta property=\"og:description\" content=\"S\u00e9minaire Scientifique annuel de l&#039;OHM Vall\u00e9e du Rh\u00f4ne le mardi 12 d\u00e9cembre 2023 \u00e0 l&#039;INRAE Lyon-Villeurbanne.\" \/>\n<meta property=\"og:url\" content=\"https:\/\/asso.graie.org\/portail\/seminaire-scientifique-2023-ohm-vr\/\" \/>\n<meta property=\"og:site_name\" content=\"Graie\" \/>\n<meta property=\"article:published_time\" content=\"2023-11-23T16:56:13+00:00\" \/>\n<meta property=\"article:modified_time\" content=\"2023-12-18T14:08:56+00:00\" \/>\n<meta property=\"og:image\" content=\"https:\/\/asso.graie.org\/portail\/wp-content\/uploads\/2022\/07\/OHM_logo_01_Couleurs.png\" \/>\n\t<meta property=\"og:image:width\" content=\"497\" \/>\n\t<meta property=\"og:image:height\" content=\"355\" \/>\n\t<meta property=\"og:image:type\" content=\"image\/png\" \/>\n<meta name=\"author\" content=\"Maureen Carpentier\" \/>\n<meta name=\"twitter:card\" content=\"summary_large_image\" \/>\n<meta name=\"twitter:creator\" content=\"@asso_graie\" \/>\n<meta name=\"twitter:site\" content=\"@asso_graie\" \/>\n<meta name=\"twitter:label1\" content=\"\u00c9crit par\" \/>\n\t<meta name=\"twitter:data1\" content=\"Maureen Carpentier\" \/>\n\t<meta name=\"twitter:label2\" content=\"Dur\u00e9e de lecture estim\u00e9e\" \/>\n\t<meta name=\"twitter:data2\" content=\"1 minute\" \/>\n<script type=\"application\/ld+json\" class=\"yoast-schema-graph\">{\"@context\":\"https:\/\/schema.org\",\"@graph\":[{\"@type\":\"Article\",\"@id\":\"https:\/\/asso.graie.org\/portail\/seminaire-scientifique-2023-ohm-vr\/#article\",\"isPartOf\":{\"@id\":\"https:\/\/asso.graie.org\/portail\/seminaire-scientifique-2023-ohm-vr\/\"},\"author\":{\"name\":\"Maureen Carpentier\",\"@id\":\"https:\/\/asso.graie.org\/portail\/#\/schema\/person\/486e14d091ff09d12f2b31bad560eb4f\"},\"headline\":\"S\u00e9minaire scientifique 2023 de l&rsquo;OHM VR\",\"datePublished\":\"2023-11-23T16:56:13+00:00\",\"dateModified\":\"2023-12-18T14:08:56+00:00\",\"mainEntityOfPage\":{\"@id\":\"https:\/\/asso.graie.org\/portail\/seminaire-scientifique-2023-ohm-vr\/\"},\"wordCount\":201,\"publisher\":{\"@id\":\"https:\/\/asso.graie.org\/portail\/#organization\"},\"keywords\":[\"2023\",\"OHM VR\",\"s\u00e9minaire annuel\"],\"articleSection\":[\"Milieux aquatiques\",\"Toute l'actualit\u00e9\"],\"inLanguage\":\"fr-FR\"},{\"@type\":\"WebPage\",\"@id\":\"https:\/\/asso.graie.org\/portail\/seminaire-scientifique-2023-ohm-vr\/\",\"url\":\"https:\/\/asso.graie.org\/portail\/seminaire-scientifique-2023-ohm-vr\/\",\"name\":\"S\u00e9minaire scientifique 2023 de l'OHM VR | Graie\",\"isPartOf\":{\"@id\":\"https:\/\/asso.graie.org\/portail\/#website\"},\"datePublished\":\"2023-11-23T16:56:13+00:00\",\"dateModified\":\"2023-12-18T14:08:56+00:00\",\"description\":\"S\u00e9minaire Scientifique annuel de l'OHM Vall\u00e9e du Rh\u00f4ne le mardi 12 d\u00e9cembre 2023 \u00e0 l'INRAE Lyon-Villeurbanne.\",\"breadcrumb\":{\"@id\":\"https:\/\/asso.graie.org\/portail\/seminaire-scientifique-2023-ohm-vr\/#breadcrumb\"},\"inLanguage\":\"fr-FR\",\"potentialAction\":[{\"@type\":\"ReadAction\",\"target\":[\"https:\/\/asso.graie.org\/portail\/seminaire-scientifique-2023-ohm-vr\/\"]}]},{\"@type\":\"BreadcrumbList\",\"@id\":\"https:\/\/asso.graie.org\/portail\/seminaire-scientifique-2023-ohm-vr\/#breadcrumb\",\"itemListElement\":[{\"@type\":\"ListItem\",\"position\":1,\"name\":\"Accueil\",\"item\":\"https:\/\/asso.graie.org\/portail\/\"},{\"@type\":\"ListItem\",\"position\":2,\"name\":\"S\u00e9minaire scientifique 2023 de l&rsquo;OHM VR\"}]},{\"@type\":\"WebSite\",\"@id\":\"https:\/\/asso.graie.org\/portail\/#website\",\"url\":\"https:\/\/asso.graie.org\/portail\/\",\"name\":\"Graie\",\"description\":\"P\u00f4le Eau et Territoires\",\"publisher\":{\"@id\":\"https:\/\/asso.graie.org\/portail\/#organization\"},\"potentialAction\":[{\"@type\":\"SearchAction\",\"target\":{\"@type\":\"EntryPoint\",\"urlTemplate\":\"https:\/\/asso.graie.org\/portail\/?s={search_term_string}\"},\"query-input\":\"required name=search_term_string\"}],\"inLanguage\":\"fr-FR\"},{\"@type\":\"Organization\",\"@id\":\"https:\/\/asso.graie.org\/portail\/#organization\",\"name\":\"Le Graie\",\"url\":\"https:\/\/asso.graie.org\/portail\/\",\"logo\":{\"@type\":\"ImageObject\",\"inLanguage\":\"fr-FR\",\"@id\":\"https:\/\/asso.graie.org\/portail\/#\/schema\/logo\/image\/\",\"url\":\"https:\/\/asso.graie.org\/portail\/wp-content\/uploads\/2021\/12\/Logotype-Graie.png\",\"contentUrl\":\"https:\/\/asso.graie.org\/portail\/wp-content\/uploads\/2021\/12\/Logotype-Graie.png\",\"width\":1890,\"height\":1181,\"caption\":\"Le Graie\"},\"image\":{\"@id\":\"https:\/\/asso.graie.org\/portail\/#\/schema\/logo\/image\/\"},\"sameAs\":[\"https:\/\/fr.linkedin.com\/company\/graie?trk=top_nav_home\",\"https:\/\/www.youtube.com\/channel\/UCZQk0Tt7upYwERYNdDIZqLQ\",\"https:\/\/twitter.com\/asso_graie\"]},{\"@type\":\"Person\",\"@id\":\"https:\/\/asso.graie.org\/portail\/#\/schema\/person\/486e14d091ff09d12f2b31bad560eb4f\",\"name\":\"Maureen Carpentier\",\"url\":\"https:\/\/asso.graie.org\/portail\/author\/juliettecasanova\/\"}]}<\/script>\n<!-- \/ Yoast SEO plugin. -->","yoast_head_json":{"title":"S\u00e9minaire scientifique 2023 de l'OHM VR | Graie","description":"S\u00e9minaire Scientifique annuel de l'OHM Vall\u00e9e du Rh\u00f4ne le mardi 12 d\u00e9cembre 2023 \u00e0 l'INRAE Lyon-Villeurbanne.","robots":{"index":"index","follow":"follow","max-snippet":"max-snippet:-1","max-image-preview":"max-image-preview:large","max-video-preview":"max-video-preview:-1"},"canonical":"https:\/\/asso.graie.org\/portail\/seminaire-scientifique-2023-ohm-vr\/","og_locale":"fr_FR","og_type":"article","og_title":"S\u00e9minaire scientifique 2023 de l'OHM VR | Graie","og_description":"S\u00e9minaire Scientifique annuel de l'OHM Vall\u00e9e du Rh\u00f4ne le mardi 12 d\u00e9cembre 2023 \u00e0 l'INRAE Lyon-Villeurbanne.","og_url":"https:\/\/asso.graie.org\/portail\/seminaire-scientifique-2023-ohm-vr\/","og_site_name":"Graie","article_published_time":"2023-11-23T16:56:13+00:00","article_modified_time":"2023-12-18T14:08:56+00:00","og_image":[{"width":497,"height":355,"url":"https:\/\/asso.graie.org\/portail\/wp-content\/uploads\/2022\/07\/OHM_logo_01_Couleurs.png","type":"image\/png"}],"author":"Maureen Carpentier","twitter_card":"summary_large_image","twitter_creator":"@asso_graie","twitter_site":"@asso_graie","twitter_misc":{"\u00c9crit par":"Maureen Carpentier","Dur\u00e9e de lecture estim\u00e9e":"1 minute"},"schema":{"@context":"https:\/\/schema.org","@graph":[{"@type":"Article","@id":"https:\/\/asso.graie.org\/portail\/seminaire-scientifique-2023-ohm-vr\/#article","isPartOf":{"@id":"https:\/\/asso.graie.org\/portail\/seminaire-scientifique-2023-ohm-vr\/"},"author":{"name":"Maureen Carpentier","@id":"https:\/\/asso.graie.org\/portail\/#\/schema\/person\/486e14d091ff09d12f2b31bad560eb4f"},"headline":"S\u00e9minaire scientifique 2023 de l&rsquo;OHM VR","datePublished":"2023-11-23T16:56:13+00:00","dateModified":"2023-12-18T14:08:56+00:00","mainEntityOfPage":{"@id":"https:\/\/asso.graie.org\/portail\/seminaire-scientifique-2023-ohm-vr\/"},"wordCount":201,"publisher":{"@id":"https:\/\/asso.graie.org\/portail\/#organization"},"keywords":["2023","OHM VR","s\u00e9minaire annuel"],"articleSection":["Milieux aquatiques","Toute l'actualit\u00e9"],"inLanguage":"fr-FR"},{"@type":"WebPage","@id":"https:\/\/asso.graie.org\/portail\/seminaire-scientifique-2023-ohm-vr\/","url":"https:\/\/asso.graie.org\/portail\/seminaire-scientifique-2023-ohm-vr\/","name":"S\u00e9minaire scientifique 2023 de l'OHM VR | Graie","isPartOf":{"@id":"https:\/\/asso.graie.org\/portail\/#website"},"datePublished":"2023-11-23T16:56:13+00:00","dateModified":"2023-12-18T14:08:56+00:00","description":"S\u00e9minaire Scientifique annuel de l'OHM Vall\u00e9e du Rh\u00f4ne le mardi 12 d\u00e9cembre 2023 \u00e0 l'INRAE Lyon-Villeurbanne.","breadcrumb":{"@id":"https:\/\/asso.graie.org\/portail\/seminaire-scientifique-2023-ohm-vr\/#breadcrumb"},"inLanguage":"fr-FR","potentialAction":[{"@type":"ReadAction","target":["https:\/\/asso.graie.org\/portail\/seminaire-scientifique-2023-ohm-vr\/"]}]},{"@type":"BreadcrumbList","@id":"https:\/\/asso.graie.org\/portail\/seminaire-scientifique-2023-ohm-vr\/#breadcrumb","itemListElement":[{"@type":"ListItem","position":1,"name":"Accueil","item":"https:\/\/asso.graie.org\/portail\/"},{"@type":"ListItem","position":2,"name":"S\u00e9minaire scientifique 2023 de l&rsquo;OHM VR"}]},{"@type":"WebSite","@id":"https:\/\/asso.graie.org\/portail\/#website","url":"https:\/\/asso.graie.org\/portail\/","name":"Graie","description":"P\u00f4le Eau et Territoires","publisher":{"@id":"https:\/\/asso.graie.org\/portail\/#organization"},"potentialAction":[{"@type":"SearchAction","target":{"@type":"EntryPoint","urlTemplate":"https:\/\/asso.graie.org\/portail\/?s={search_term_string}"},"query-input":"required name=search_term_string"}],"inLanguage":"fr-FR"},{"@type":"Organization","@id":"https:\/\/asso.graie.org\/portail\/#organization","name":"Le Graie","url":"https:\/\/asso.graie.org\/portail\/","logo":{"@type":"ImageObject","inLanguage":"fr-FR","@id":"https:\/\/asso.graie.org\/portail\/#\/schema\/logo\/image\/","url":"https:\/\/asso.graie.org\/portail\/wp-content\/uploads\/2021\/12\/Logotype-Graie.png","contentUrl":"https:\/\/asso.graie.org\/portail\/wp-content\/uploads\/2021\/12\/Logotype-Graie.png","width":1890,"height":1181,"caption":"Le Graie"},"image":{"@id":"https:\/\/asso.graie.org\/portail\/#\/schema\/logo\/image\/"},"sameAs":["https:\/\/fr.linkedin.com\/company\/graie?trk=top_nav_home","https:\/\/www.youtube.com\/channel\/UCZQk0Tt7upYwERYNdDIZqLQ","https:\/\/twitter.com\/asso_graie"]},{"@type":"Person","@id":"https:\/\/asso.graie.org\/portail\/#\/schema\/person\/486e14d091ff09d12f2b31bad560eb4f","name":"Maureen Carpentier","url":"https:\/\/asso.graie.org\/portail\/author\/juliettecasanova\/"}]}},"_links":{"self":[{"href":"https:\/\/asso.graie.org\/portail\/wp-json\/wp\/v2\/posts\/24756"}],"collection":[{"href":"https:\/\/asso.graie.org\/portail\/wp-json\/wp\/v2\/posts"}],"about":[{"href":"https:\/\/asso.graie.org\/portail\/wp-json\/wp\/v2\/types\/post"}],"author":[{"embeddable":true,"href":"https:\/\/asso.graie.org\/portail\/wp-json\/wp\/v2\/users\/16"}],"replies":[{"embeddable":true,"href":"https:\/\/asso.graie.org\/portail\/wp-json\/wp\/v2\/comments?post=24756"}],"version-history":[{"count":27,"href":"https:\/\/asso.graie.org\/portail\/wp-json\/wp\/v2\/posts\/24756\/revisions"}],"predecessor-version":[{"id":24827,"href":"https:\/\/asso.graie.org\/portail\/wp-json\/wp\/v2\/posts\/24756\/revisions\/24827"}],"wp:featuredmedia":[{"embeddable":true,"href":"https:\/\/asso.graie.org\/portail\/wp-json\/wp\/v2\/media\/20614"}],"wp:attachment":[{"href":"https:\/\/asso.graie.org\/portail\/wp-json\/wp\/v2\/media?parent=24756"}],"wp:term":[{"taxonomy":"category","embeddable":true,"href":"https:\/\/asso.graie.org\/portail\/wp-json\/wp\/v2\/categories?post=24756"},{"taxonomy":"post_tag","embeddable":true,"href":"https:\/\/asso.graie.org\/portail\/wp-json\/wp\/v2\/tags?post=24756"}],"curies":[{"name":"wp","href":"https:\/\/api.w.org\/{rel}","templated":true}]}}