{"id":24792,"date":"2023-11-28T09:10:28","date_gmt":"2023-11-28T08:10:28","guid":{"rendered":"https:\/\/asso.graie.org\/portail\/?p=24792"},"modified":"2023-12-12T14:55:44","modified_gmt":"2023-12-12T13:55:44","slug":"deces-de-luc-patois","status":"publish","type":"post","link":"https:\/\/asso.graie.org\/portail\/deces-de-luc-patois\/","title":{"rendered":"D\u00e9c\u00e8s de Luc Patois"},"content":{"rendered":"\n<div style=\"height:47px\" aria-hidden=\"true\" class=\"wp-block-spacer\"><\/div>\n\n\n<div class=\"wp-block-image is-style-default\">\n<figure class=\"aligncenter size-full\"><img decoding=\"async\" loading=\"lazy\" width=\"200\" height=\"200\" src=\"https:\/\/asso.graie.org\/portail\/wp-content\/uploads\/2023\/09\/L.Patois.png\" alt=\"\" class=\"wp-image-24212\" srcset=\"https:\/\/asso.graie.org\/portail\/wp-content\/uploads\/2023\/09\/L.Patois.png 200w, https:\/\/asso.graie.org\/portail\/wp-content\/uploads\/2023\/09\/L.Patois-150x150.png 150w\" sizes=\"(max-width: 200px) 100vw, 200px\" \/><\/figure><\/div>\n\n\n<div style=\"height:47px\" aria-hidden=\"true\" class=\"wp-block-spacer\"><\/div>\n\n\n\n<h2 class=\"wp-block-heading\">C\u2019est avec une immense tristesse que le Graie a appris le d\u00e9c\u00e8s de Luc Patois, ce samedi 25 novembre, d\u2019un arr\u00eat cardiaque. Luc avait 66 ans.<\/h2>\n\n\n\n<div style=\"height:33px\" aria-hidden=\"true\" class=\"wp-block-spacer\"><\/div>\n\n\n\n<h3 class=\"wp-block-heading\">Toutes nos pens\u00e9es vont \u00e0 son \u00e9pouse, \u00e0 ses enfants et \u00e0 tous ses proches qui ont eu comme nous la chance de partager ses projets, son engagement et son \u00e9nergie.<\/h3>\n\n\n\n<div style=\"height:47px\" aria-hidden=\"true\" class=\"wp-block-spacer\"><\/div>\n\n\n\n<p>Apr\u00e8s 13 ans pass\u00e9s en DDE (DDT), Luc Patois avait rejoint en 1990, pour 29 ans, le syndicat des eaux de Bellecombe, devenu Syndicat des eaux des Rocailles et de Bellecombe. Il en \u00e9tait le directeur&nbsp;; en retraite depuis peu, il avait poursuivi son engagement pour l\u2019action publique&nbsp;: il \u00e9tait maire de Marcellaz et Pr\u00e9sident du Syndicat depuis 2020.<\/p>\n\n\n\n<div style=\"height:26px\" aria-hidden=\"true\" class=\"wp-block-spacer\"><\/div>\n\n\n\n<p>Luc \u00e9tait une personne tr\u00e8s engag\u00e9e, qui refusait d\u2019appliquer des r\u00e8gles qu\u2019il jugeait infond\u00e9es et il agissait pour faire \u00e9voluer les connaissances et la r\u00e9glementation, dans une logique f\u00e9d\u00e9ratrice et coll\u00e9giale, pour l\u2019action publique et pour le bien commun.<\/p>\n\n\n\n<div style=\"height:26px\" aria-hidden=\"true\" class=\"wp-block-spacer\"><\/div>\n\n\n\n<p>Luc fait partie des membres historiques, fid\u00e8les et actifs du Graie depuis 25 ans. Il nous a toujours soutenus et encourag\u00e9. Il \u00e9tait membre du conseil d\u2019administration depuis de nombreuses ann\u00e9es, pour repr\u00e9senter les int\u00e9r\u00eats des petites et moyennes collectivit\u00e9s. Nous avons men\u00e9 ensemble de beaux projets, que ce soit pour l\u2019assainissement non collectif ou pour le d\u00e9ploiement de Sipibel, le site Pilote de Bellecombe, en appui sur le syndicat des eaux, et en particulier sur sa station d\u2019\u00e9puration. Nous avons \u00e9prouv\u00e9 beaucoup de plaisir \u00e0 porter ensemble ces projets f\u00e9d\u00e9rateurs et ces engagements pour faire \u00e9voluer les pratiques en mati\u00e8re d\u2019assainissement. Nous avions accueilli sa fille Camille en stage au Graie durant l\u2019\u00e9t\u00e9 2007, pour lancer l\u2019enqu\u00eate sur la mise en place des SPANCs sur la r\u00e9gion.<\/p>\n\n\n\n<div style=\"height:26px\" aria-hidden=\"true\" class=\"wp-block-spacer\"><\/div>\n\n\n\n<p>Luc aimait interroger et bousculer les a priori et proposer des alternatives&nbsp;; sur l\u2019assainissement non collectif, le syndicat \u00e9tait un pr\u00e9curseur dans la mise en place du service SPANC, avec une vision large de ses comp\u00e9tences et de son mod\u00e8le \u00e9conomique, dans la perspective du d\u00e9ploiement d\u2019un assainissement de qualit\u00e9 sur tout le territoire, qu\u2019il soit collectif ou non collectif. Luc avait particip\u00e9 aux travaux nationaux \u00e0 l\u2019AFNOR sur les proc\u00e9dures d\u2019agr\u00e9ment des fili\u00e8res en ANC, d\u00e9\u00e7u de ce qui avait finalement \u00e9t\u00e9 retenu des propositions.<\/p>\n\n\n\n<div style=\"height:26px\" aria-hidden=\"true\" class=\"wp-block-spacer\"><\/div>\n\n\n\n<p>L\u2019histoire de Sipibel est l\u00e0 aussi \u00e0 son image et celle de ses pr\u00e9sidents successifs&nbsp;: parti d\u2019une demande des services de l\u2019\u00e9tat en 2009 de suivre et traiter s\u00e9par\u00e9ment les effluents du centre hospitalier Alpes L\u00e9man, durant 3 ans, \u00e0 titre exp\u00e9rimental, le syndicat a soutenu le site pilote Sipibel et les diff\u00e9rents programmes de recherche d\u00e9velopp\u00e9s en appuis durant plus de 13 ans, sur la traitabilit\u00e9, les impacts sur les milieux et les risques sur la sant\u00e9, l\u2019\u00e9pandage des boues, avec le d\u00e9veloppement des m\u00e9thodes analytiques sur les m\u00e9dicaments et les d\u00e9tergents biocides et pour le suivi de l\u2019antibior\u00e9sistance, ou encore sur les perceptions des alternatives et la mobilisation des acteurs. Nous \u00e9tions arriv\u00e9s \u00e0 la fin de ces programmes. Luc Patois avait accueilli le collectif de chercheurs, les partenaires et les agriculteurs du secteur, \u00e0 la mairie de Marcellaz le 16 octobre, et il \u00e9tait venu t\u00e9moigner \u00e0 la conf\u00e9rence eau et sant\u00e9 le 15 novembre dernier, pour marquer la fin de cette belle histoire. Nous ne pouvions pas imaginer qu\u2019il y ajouterait ce point final.<\/p>\n\n\n\n<div style=\"height:26px\" aria-hidden=\"true\" class=\"wp-block-spacer\"><\/div>\n\n\n\n<p>Il aimait partager et transmettre ses connaissances, son savoir-faire et sa vision de l\u2019action publique et de la gestion de l\u2019eau et de l\u2019assainissement. Il est intervenu des dizaines de fois dans les rencontres et conf\u00e9rences du Graie, pour partager son exp\u00e9rience et interpeller sur des \u00e9volutions souhaitables. Il intervenait aussi dans de nombreuses formations. <\/p>\n\n\n\n<div style=\"height:26px\" aria-hidden=\"true\" class=\"wp-block-spacer\"><\/div>\n\n\n\n<p><strong>Il manquera beaucoup \u00e0 la communaut\u00e9 de l&rsquo;eau, ainsi qu&rsquo;\u00e0 nous tous.<\/strong><\/p>\n\n\n\n<div style=\"height:100px\" aria-hidden=\"true\" class=\"wp-block-spacer\"><\/div>\n","protected":false},"excerpt":{"rendered":"<p>C\u2019est avec une immense tristesse que le Graie a appris le d\u00e9c\u00e8s de Luc Patois, ce samedi 25 novembre, d\u2019un arr\u00eat cardiaque. Luc avait 66 ans. Toutes nos pens\u00e9es vont \u00e0 son \u00e9pouse, \u00e0 ses enfants et \u00e0 tous ses &hellip;<\/p>\n","protected":false},"author":16,"featured_media":24212,"comment_status":"closed","ping_status":"closed","sticky":false,"template":"","format":"standard","meta":{"_mi_skip_tracking":false,"footnotes":""},"categories":[24,28],"tags":[1967,1964,1965,1966],"acf":[],"yoast_head":"<!-- This site is optimized with the Yoast SEO plugin v19.13 - https:\/\/yoast.com\/wordpress\/plugins\/seo\/ -->\n<title>D\u00e9c\u00e8s de Luc Patois | Graie<\/title>\n<meta name=\"description\" content=\"C\u2019est avec une immense tristesse que le Graie a appris le d\u00e9c\u00e8s de Luc Patois, ce samedi 25 novembre, d\u2019un arr\u00eat cardiaque.\" \/>\n<meta name=\"robots\" content=\"index, follow, max-snippet:-1, max-image-preview:large, max-video-preview:-1\" \/>\n<link rel=\"canonical\" href=\"https:\/\/asso.graie.org\/portail\/deces-de-luc-patois\/\" \/>\n<meta property=\"og:locale\" content=\"fr_FR\" \/>\n<meta property=\"og:type\" content=\"article\" \/>\n<meta property=\"og:title\" content=\"D\u00e9c\u00e8s de Luc Patois | Graie\" \/>\n<meta property=\"og:description\" content=\"C\u2019est avec une immense tristesse que le Graie a appris le d\u00e9c\u00e8s de Luc Patois, ce samedi 25 novembre, d\u2019un arr\u00eat cardiaque.\" \/>\n<meta property=\"og:url\" content=\"https:\/\/asso.graie.org\/portail\/deces-de-luc-patois\/\" \/>\n<meta property=\"og:site_name\" content=\"Graie\" \/>\n<meta property=\"article:published_time\" content=\"2023-11-28T08:10:28+00:00\" \/>\n<meta property=\"article:modified_time\" content=\"2023-12-12T13:55:44+00:00\" \/>\n<meta property=\"og:image\" content=\"https:\/\/asso.graie.org\/portail\/wp-content\/uploads\/2023\/09\/L.Patois.png\" \/>\n\t<meta property=\"og:image:width\" content=\"200\" \/>\n\t<meta property=\"og:image:height\" content=\"200\" \/>\n\t<meta property=\"og:image:type\" content=\"image\/png\" \/>\n<meta name=\"author\" content=\"Maureen Carpentier\" \/>\n<meta name=\"twitter:card\" content=\"summary_large_image\" \/>\n<meta name=\"twitter:creator\" content=\"@asso_graie\" \/>\n<meta name=\"twitter:site\" content=\"@asso_graie\" \/>\n<meta name=\"twitter:label1\" content=\"\u00c9crit par\" \/>\n\t<meta name=\"twitter:data1\" content=\"Maureen Carpentier\" \/>\n\t<meta name=\"twitter:label2\" content=\"Dur\u00e9e de lecture estim\u00e9e\" \/>\n\t<meta name=\"twitter:data2\" content=\"3 minutes\" \/>\n<script type=\"application\/ld+json\" class=\"yoast-schema-graph\">{\"@context\":\"https:\/\/schema.org\",\"@graph\":[{\"@type\":\"Article\",\"@id\":\"https:\/\/asso.graie.org\/portail\/deces-de-luc-patois\/#article\",\"isPartOf\":{\"@id\":\"https:\/\/asso.graie.org\/portail\/deces-de-luc-patois\/\"},\"author\":{\"name\":\"Maureen Carpentier\",\"@id\":\"https:\/\/asso.graie.org\/portail\/#\/schema\/person\/486e14d091ff09d12f2b31bad560eb4f\"},\"headline\":\"D\u00e9c\u00e8s de Luc Patois\",\"datePublished\":\"2023-11-28T08:10:28+00:00\",\"dateModified\":\"2023-12-12T13:55:44+00:00\",\"mainEntityOfPage\":{\"@id\":\"https:\/\/asso.graie.org\/portail\/deces-de-luc-patois\/\"},\"wordCount\":679,\"publisher\":{\"@id\":\"https:\/\/asso.graie.org\/portail\/#organization\"},\"keywords\":[\"communaut\u00e9 de l'eau\",\"d\u00e9c\u00e8s\",\"luc patois\",\"patois\"],\"articleSection\":[\"Actu Graie\",\"Toute l'actualit\u00e9\"],\"inLanguage\":\"fr-FR\"},{\"@type\":\"WebPage\",\"@id\":\"https:\/\/asso.graie.org\/portail\/deces-de-luc-patois\/\",\"url\":\"https:\/\/asso.graie.org\/portail\/deces-de-luc-patois\/\",\"name\":\"D\u00e9c\u00e8s de Luc Patois | Graie\",\"isPartOf\":{\"@id\":\"https:\/\/asso.graie.org\/portail\/#website\"},\"datePublished\":\"2023-11-28T08:10:28+00:00\",\"dateModified\":\"2023-12-12T13:55:44+00:00\",\"description\":\"C\u2019est avec une immense tristesse que le Graie a appris le d\u00e9c\u00e8s de Luc Patois, ce samedi 25 novembre, d\u2019un arr\u00eat cardiaque.\",\"breadcrumb\":{\"@id\":\"https:\/\/asso.graie.org\/portail\/deces-de-luc-patois\/#breadcrumb\"},\"inLanguage\":\"fr-FR\",\"potentialAction\":[{\"@type\":\"ReadAction\",\"target\":[\"https:\/\/asso.graie.org\/portail\/deces-de-luc-patois\/\"]}]},{\"@type\":\"BreadcrumbList\",\"@id\":\"https:\/\/asso.graie.org\/portail\/deces-de-luc-patois\/#breadcrumb\",\"itemListElement\":[{\"@type\":\"ListItem\",\"position\":1,\"name\":\"Accueil\",\"item\":\"https:\/\/asso.graie.org\/portail\/\"},{\"@type\":\"ListItem\",\"position\":2,\"name\":\"D\u00e9c\u00e8s de Luc Patois\"}]},{\"@type\":\"WebSite\",\"@id\":\"https:\/\/asso.graie.org\/portail\/#website\",\"url\":\"https:\/\/asso.graie.org\/portail\/\",\"name\":\"Graie\",\"description\":\"P\u00f4le Eau et Territoires\",\"publisher\":{\"@id\":\"https:\/\/asso.graie.org\/portail\/#organization\"},\"potentialAction\":[{\"@type\":\"SearchAction\",\"target\":{\"@type\":\"EntryPoint\",\"urlTemplate\":\"https:\/\/asso.graie.org\/portail\/?s={search_term_string}\"},\"query-input\":\"required name=search_term_string\"}],\"inLanguage\":\"fr-FR\"},{\"@type\":\"Organization\",\"@id\":\"https:\/\/asso.graie.org\/portail\/#organization\",\"name\":\"Le Graie\",\"url\":\"https:\/\/asso.graie.org\/portail\/\",\"logo\":{\"@type\":\"ImageObject\",\"inLanguage\":\"fr-FR\",\"@id\":\"https:\/\/asso.graie.org\/portail\/#\/schema\/logo\/image\/\",\"url\":\"https:\/\/asso.graie.org\/portail\/wp-content\/uploads\/2021\/12\/Logotype-Graie.png\",\"contentUrl\":\"https:\/\/asso.graie.org\/portail\/wp-content\/uploads\/2021\/12\/Logotype-Graie.png\",\"width\":1890,\"height\":1181,\"caption\":\"Le Graie\"},\"image\":{\"@id\":\"https:\/\/asso.graie.org\/portail\/#\/schema\/logo\/image\/\"},\"sameAs\":[\"https:\/\/fr.linkedin.com\/company\/graie?trk=top_nav_home\",\"https:\/\/www.youtube.com\/channel\/UCZQk0Tt7upYwERYNdDIZqLQ\",\"https:\/\/twitter.com\/asso_graie\"]},{\"@type\":\"Person\",\"@id\":\"https:\/\/asso.graie.org\/portail\/#\/schema\/person\/486e14d091ff09d12f2b31bad560eb4f\",\"name\":\"Maureen Carpentier\",\"url\":\"https:\/\/asso.graie.org\/portail\/author\/juliettecasanova\/\"}]}<\/script>\n<!-- \/ Yoast SEO plugin. -->","yoast_head_json":{"title":"D\u00e9c\u00e8s de Luc Patois | Graie","description":"C\u2019est avec une immense tristesse que le Graie a appris le d\u00e9c\u00e8s de Luc Patois, ce samedi 25 novembre, d\u2019un arr\u00eat cardiaque.","robots":{"index":"index","follow":"follow","max-snippet":"max-snippet:-1","max-image-preview":"max-image-preview:large","max-video-preview":"max-video-preview:-1"},"canonical":"https:\/\/asso.graie.org\/portail\/deces-de-luc-patois\/","og_locale":"fr_FR","og_type":"article","og_title":"D\u00e9c\u00e8s de Luc Patois | Graie","og_description":"C\u2019est avec une immense tristesse que le Graie a appris le d\u00e9c\u00e8s de Luc Patois, ce samedi 25 novembre, d\u2019un arr\u00eat cardiaque.","og_url":"https:\/\/asso.graie.org\/portail\/deces-de-luc-patois\/","og_site_name":"Graie","article_published_time":"2023-11-28T08:10:28+00:00","article_modified_time":"2023-12-12T13:55:44+00:00","og_image":[{"width":200,"height":200,"url":"https:\/\/asso.graie.org\/portail\/wp-content\/uploads\/2023\/09\/L.Patois.png","type":"image\/png"}],"author":"Maureen Carpentier","twitter_card":"summary_large_image","twitter_creator":"@asso_graie","twitter_site":"@asso_graie","twitter_misc":{"\u00c9crit par":"Maureen Carpentier","Dur\u00e9e de lecture estim\u00e9e":"3 minutes"},"schema":{"@context":"https:\/\/schema.org","@graph":[{"@type":"Article","@id":"https:\/\/asso.graie.org\/portail\/deces-de-luc-patois\/#article","isPartOf":{"@id":"https:\/\/asso.graie.org\/portail\/deces-de-luc-patois\/"},"author":{"name":"Maureen Carpentier","@id":"https:\/\/asso.graie.org\/portail\/#\/schema\/person\/486e14d091ff09d12f2b31bad560eb4f"},"headline":"D\u00e9c\u00e8s de Luc Patois","datePublished":"2023-11-28T08:10:28+00:00","dateModified":"2023-12-12T13:55:44+00:00","mainEntityOfPage":{"@id":"https:\/\/asso.graie.org\/portail\/deces-de-luc-patois\/"},"wordCount":679,"publisher":{"@id":"https:\/\/asso.graie.org\/portail\/#organization"},"keywords":["communaut\u00e9 de l'eau","d\u00e9c\u00e8s","luc patois","patois"],"articleSection":["Actu Graie","Toute l'actualit\u00e9"],"inLanguage":"fr-FR"},{"@type":"WebPage","@id":"https:\/\/asso.graie.org\/portail\/deces-de-luc-patois\/","url":"https:\/\/asso.graie.org\/portail\/deces-de-luc-patois\/","name":"D\u00e9c\u00e8s de Luc Patois | Graie","isPartOf":{"@id":"https:\/\/asso.graie.org\/portail\/#website"},"datePublished":"2023-11-28T08:10:28+00:00","dateModified":"2023-12-12T13:55:44+00:00","description":"C\u2019est avec une immense tristesse que le Graie a appris le d\u00e9c\u00e8s de Luc Patois, ce samedi 25 novembre, d\u2019un arr\u00eat cardiaque.","breadcrumb":{"@id":"https:\/\/asso.graie.org\/portail\/deces-de-luc-patois\/#breadcrumb"},"inLanguage":"fr-FR","potentialAction":[{"@type":"ReadAction","target":["https:\/\/asso.graie.org\/portail\/deces-de-luc-patois\/"]}]},{"@type":"BreadcrumbList","@id":"https:\/\/asso.graie.org\/portail\/deces-de-luc-patois\/#breadcrumb","itemListElement":[{"@type":"ListItem","position":1,"name":"Accueil","item":"https:\/\/asso.graie.org\/portail\/"},{"@type":"ListItem","position":2,"name":"D\u00e9c\u00e8s de Luc Patois"}]},{"@type":"WebSite","@id":"https:\/\/asso.graie.org\/portail\/#website","url":"https:\/\/asso.graie.org\/portail\/","name":"Graie","description":"P\u00f4le Eau et Territoires","publisher":{"@id":"https:\/\/asso.graie.org\/portail\/#organization"},"potentialAction":[{"@type":"SearchAction","target":{"@type":"EntryPoint","urlTemplate":"https:\/\/asso.graie.org\/portail\/?s={search_term_string}"},"query-input":"required name=search_term_string"}],"inLanguage":"fr-FR"},{"@type":"Organization","@id":"https:\/\/asso.graie.org\/portail\/#organization","name":"Le Graie","url":"https:\/\/asso.graie.org\/portail\/","logo":{"@type":"ImageObject","inLanguage":"fr-FR","@id":"https:\/\/asso.graie.org\/portail\/#\/schema\/logo\/image\/","url":"https:\/\/asso.graie.org\/portail\/wp-content\/uploads\/2021\/12\/Logotype-Graie.png","contentUrl":"https:\/\/asso.graie.org\/portail\/wp-content\/uploads\/2021\/12\/Logotype-Graie.png","width":1890,"height":1181,"caption":"Le Graie"},"image":{"@id":"https:\/\/asso.graie.org\/portail\/#\/schema\/logo\/image\/"},"sameAs":["https:\/\/fr.linkedin.com\/company\/graie?trk=top_nav_home","https:\/\/www.youtube.com\/channel\/UCZQk0Tt7upYwERYNdDIZqLQ","https:\/\/twitter.com\/asso_graie"]},{"@type":"Person","@id":"https:\/\/asso.graie.org\/portail\/#\/schema\/person\/486e14d091ff09d12f2b31bad560eb4f","name":"Maureen Carpentier","url":"https:\/\/asso.graie.org\/portail\/author\/juliettecasanova\/"}]}},"_links":{"self":[{"href":"https:\/\/asso.graie.org\/portail\/wp-json\/wp\/v2\/posts\/24792"}],"collection":[{"href":"https:\/\/asso.graie.org\/portail\/wp-json\/wp\/v2\/posts"}],"about":[{"href":"https:\/\/asso.graie.org\/portail\/wp-json\/wp\/v2\/types\/post"}],"author":[{"embeddable":true,"href":"https:\/\/asso.graie.org\/portail\/wp-json\/wp\/v2\/users\/16"}],"replies":[{"embeddable":true,"href":"https:\/\/asso.graie.org\/portail\/wp-json\/wp\/v2\/comments?post=24792"}],"version-history":[{"count":6,"href":"https:\/\/asso.graie.org\/portail\/wp-json\/wp\/v2\/posts\/24792\/revisions"}],"predecessor-version":[{"id":24826,"href":"https:\/\/asso.graie.org\/portail\/wp-json\/wp\/v2\/posts\/24792\/revisions\/24826"}],"wp:featuredmedia":[{"embeddable":true,"href":"https:\/\/asso.graie.org\/portail\/wp-json\/wp\/v2\/media\/24212"}],"wp:attachment":[{"href":"https:\/\/asso.graie.org\/portail\/wp-json\/wp\/v2\/media?parent=24792"}],"wp:term":[{"taxonomy":"category","embeddable":true,"href":"https:\/\/asso.graie.org\/portail\/wp-json\/wp\/v2\/categories?post=24792"},{"taxonomy":"post_tag","embeddable":true,"href":"https:\/\/asso.graie.org\/portail\/wp-json\/wp\/v2\/tags?post=24792"}],"curies":[{"name":"wp","href":"https:\/\/api.w.org\/{rel}","templated":true}]}}