{"id":24818,"date":"2023-11-28T09:02:35","date_gmt":"2023-11-28T08:02:35","guid":{"rendered":"https:\/\/asso.graie.org\/portail\/?p=24818"},"modified":"2023-12-18T15:08:36","modified_gmt":"2023-12-18T14:08:36","slug":"rencontre-zabr-seminaire-ostf","status":"publish","type":"post","link":"https:\/\/asso.graie.org\/portail\/rencontre-zabr-seminaire-ostf\/","title":{"rendered":"Rencontre ZABR | S\u00e9minaire OSTF"},"content":{"rendered":"\n<div style=\"height:53px\" aria-hidden=\"true\" class=\"wp-block-spacer\"><\/div>\n\n\n\n<h2 class=\"wp-block-heading\">La ZABR organise son s\u00e9minaire annuel \u00ab\u00a0Observation Sociale des Territoires Fluviaux\u00a0\u00bb qui aura lieu en d\u00e9cembre 2023.<\/h2>\n\n\n\n<div style=\"height:53px\" aria-hidden=\"true\" class=\"wp-block-spacer\"><\/div>\n\n\n\n<hr class=\"wp-block-separator has-alpha-channel-opacity\"\/>\n\n\n\n<div style=\"height:53px\" aria-hidden=\"true\" class=\"wp-block-spacer\"><\/div>\n\n\n\n<h2 class=\"wp-block-heading has-text-align-center\">Lundi 11 d\u00e9cembre 2023<\/h2>\n\n\n\n<p class=\"has-text-align-center\">De 10h \u00e0 17h<\/p>\n\n\n\n<p class=\"has-text-align-center\"><strong>A INRAE Lyon Villeurbanne<\/strong><\/p>\n\n\n\n<div style=\"height:24px\" aria-hidden=\"true\" class=\"wp-block-spacer\"><\/div>\n\n\n\n<div class=\"wp-block-buttons is-content-justification-center is-layout-flex wp-container-1 wp-block-buttons-is-layout-flex\">\n<div class=\"wp-block-button\"><a class=\"wp-block-button__link has-text-align-center wp-element-button\" href=\"https:\/\/forms.zohopublic.eu\/assograie\/form\/ZABRSeminaireOSTF11dec2023\/formperma\/0E7d-YV8hZZFXzljnr9_kmJ6ZTGBmeZnQSTDNuTdEbk\"><strong>JE M&rsquo;INSCRIS<\/strong><\/a><\/div>\n<\/div>\n\n\n\n<div style=\"height:53px\" aria-hidden=\"true\" class=\"wp-block-spacer\"><\/div>\n\n\n\n<hr class=\"wp-block-separator has-alpha-channel-opacity\"\/>\n\n\n\n<div style=\"height:53px\" aria-hidden=\"true\" class=\"wp-block-spacer\"><\/div>\n\n\n\n<h2 class=\"wp-block-heading\">Objectifs du s\u00e9minaire<\/h2>\n\n\n\n<ul>\n<li>Partager les r\u00e9sultats produits par les \u00e9quipes de la ZABR autour de la question des territoires de l\u2019eau<\/li>\n\n\n\n<li>Favoriser l\u2019interconnaissance<\/li>\n\n\n\n<li>R\u00e9fl\u00e9chir \u00e0 la place \/ \u00e0 la forme des s\u00e9minaires OSTF pour ce nouveau contrat.<\/li>\n<\/ul>\n\n\n\n<div style=\"height:53px\" aria-hidden=\"true\" class=\"wp-block-spacer\"><\/div>\n\n\n\n<h2 class=\"wp-block-heading\">Public<\/h2>\n\n\n\n<ul>\n<li>Votre laboratoire est membre de la Zone Atelier Bassin du Rh\u00f4ne (ZABR) et vous conduisez des recherches qui alimentent la th\u00e9matique \u00ab&nbsp;Observation Sociale des Territoires du Fleuve&nbsp;\u00bb <\/li>\n\n\n\n<li>Vous \u00eates int\u00e9ress\u00e9s par la th\u00e9matique \u00ab&nbsp;Observation Sociale des Territoires Fluviaux de la ZABR&nbsp;\u00bb (OSTF)<\/li>\n<\/ul>\n\n\n\n<div style=\"height:53px\" aria-hidden=\"true\" class=\"wp-block-spacer\"><\/div>\n\n\n\n<h2 class=\"wp-block-heading\">Modalit\u00e9s<\/h2>\n\n\n\n<p>Format hybride : en pr\u00e9sentiel et en visio-conf\u00e9rence<\/p>\n\n\n\n<div style=\"height:112px\" aria-hidden=\"true\" class=\"wp-block-spacer\"><\/div>\n","protected":false},"excerpt":{"rendered":"<p>La ZABR organise son s\u00e9minaire annuel \u00ab\u00a0Observation Sociale des Territoires Fluviaux\u00a0\u00bb qui aura lieu en d\u00e9cembre 2023. Lundi 11 d\u00e9cembre 2023 De 10h \u00e0 17h A INRAE Lyon Villeurbanne JE M&rsquo;INSCRIS Objectifs du s\u00e9minaire Partager les r\u00e9sultats produits par les &hellip;<\/p>\n","protected":false},"author":16,"featured_media":3975,"comment_status":"closed","ping_status":"closed","sticky":false,"template":"","format":"standard","meta":{"_mi_skip_tracking":false,"footnotes":""},"categories":[24,74,28],"tags":[191,1963,1628,616,1690,284],"acf":[],"yoast_head":"<!-- This site is optimized with the Yoast SEO plugin v19.13 - https:\/\/yoast.com\/wordpress\/plugins\/seo\/ -->\n<title>Rencontre ZABR | S\u00e9minaire OSTF | Graie<\/title>\n<meta name=\"description\" content=\"La ZABR organise son s\u00e9minaire annuel &quot;Observation Sociale des Territoires Fluviaux&quot; qui aura lieu le 11 d\u00e9cembre 2023.\" \/>\n<meta name=\"robots\" content=\"index, follow, max-snippet:-1, max-image-preview:large, max-video-preview:-1\" \/>\n<link rel=\"canonical\" href=\"https:\/\/asso.graie.org\/portail\/rencontre-zabr-seminaire-ostf\/\" \/>\n<meta property=\"og:locale\" content=\"fr_FR\" \/>\n<meta property=\"og:type\" content=\"article\" \/>\n<meta property=\"og:title\" content=\"Rencontre ZABR | S\u00e9minaire OSTF | Graie\" \/>\n<meta property=\"og:description\" content=\"La ZABR organise son s\u00e9minaire annuel &quot;Observation Sociale des Territoires Fluviaux&quot; qui aura lieu le 11 d\u00e9cembre 2023.\" \/>\n<meta property=\"og:url\" content=\"https:\/\/asso.graie.org\/portail\/rencontre-zabr-seminaire-ostf\/\" \/>\n<meta property=\"og:site_name\" content=\"Graie\" \/>\n<meta property=\"article:published_time\" content=\"2023-11-28T08:02:35+00:00\" \/>\n<meta property=\"article:modified_time\" content=\"2023-12-18T14:08:36+00:00\" \/>\n<meta property=\"og:image\" content=\"https:\/\/asso.graie.org\/portail\/wp-content\/uploads\/2017\/08\/ConfZABR_Donzere17.jpg\" \/>\n\t<meta property=\"og:image:width\" content=\"3508\" \/>\n\t<meta property=\"og:image:height\" content=\"2480\" \/>\n\t<meta property=\"og:image:type\" content=\"image\/jpeg\" \/>\n<meta name=\"author\" content=\"Maureen Carpentier\" \/>\n<meta name=\"twitter:card\" content=\"summary_large_image\" \/>\n<meta name=\"twitter:creator\" content=\"@asso_graie\" \/>\n<meta name=\"twitter:site\" content=\"@asso_graie\" \/>\n<meta name=\"twitter:label1\" content=\"\u00c9crit par\" \/>\n\t<meta name=\"twitter:data1\" content=\"Maureen Carpentier\" \/>\n\t<meta name=\"twitter:label2\" content=\"Dur\u00e9e de lecture estim\u00e9e\" \/>\n\t<meta name=\"twitter:data2\" content=\"1 minute\" \/>\n<script type=\"application\/ld+json\" class=\"yoast-schema-graph\">{\"@context\":\"https:\/\/schema.org\",\"@graph\":[{\"@type\":\"Article\",\"@id\":\"https:\/\/asso.graie.org\/portail\/rencontre-zabr-seminaire-ostf\/#article\",\"isPartOf\":{\"@id\":\"https:\/\/asso.graie.org\/portail\/rencontre-zabr-seminaire-ostf\/\"},\"author\":{\"name\":\"Maureen Carpentier\",\"@id\":\"https:\/\/asso.graie.org\/portail\/#\/schema\/person\/486e14d091ff09d12f2b31bad560eb4f\"},\"headline\":\"Rencontre ZABR | S\u00e9minaire OSTF\",\"datePublished\":\"2023-11-28T08:02:35+00:00\",\"dateModified\":\"2023-12-18T14:08:36+00:00\",\"mainEntityOfPage\":{\"@id\":\"https:\/\/asso.graie.org\/portail\/rencontre-zabr-seminaire-ostf\/\"},\"wordCount\":140,\"publisher\":{\"@id\":\"https:\/\/asso.graie.org\/portail\/#organization\"},\"keywords\":[\"observation\",\"ostf\",\"s\u00e9minaire\",\"sociale\",\"territoires fluviaux\",\"ZABR\"],\"articleSection\":[\"Actu Graie\",\"Milieux aquatiques\",\"Toute l'actualit\u00e9\"],\"inLanguage\":\"fr-FR\"},{\"@type\":\"WebPage\",\"@id\":\"https:\/\/asso.graie.org\/portail\/rencontre-zabr-seminaire-ostf\/\",\"url\":\"https:\/\/asso.graie.org\/portail\/rencontre-zabr-seminaire-ostf\/\",\"name\":\"Rencontre ZABR | S\u00e9minaire OSTF | Graie\",\"isPartOf\":{\"@id\":\"https:\/\/asso.graie.org\/portail\/#website\"},\"datePublished\":\"2023-11-28T08:02:35+00:00\",\"dateModified\":\"2023-12-18T14:08:36+00:00\",\"description\":\"La ZABR organise son s\u00e9minaire annuel \\\"Observation Sociale des Territoires Fluviaux\\\" qui aura lieu le 11 d\u00e9cembre 2023.\",\"breadcrumb\":{\"@id\":\"https:\/\/asso.graie.org\/portail\/rencontre-zabr-seminaire-ostf\/#breadcrumb\"},\"inLanguage\":\"fr-FR\",\"potentialAction\":[{\"@type\":\"ReadAction\",\"target\":[\"https:\/\/asso.graie.org\/portail\/rencontre-zabr-seminaire-ostf\/\"]}]},{\"@type\":\"BreadcrumbList\",\"@id\":\"https:\/\/asso.graie.org\/portail\/rencontre-zabr-seminaire-ostf\/#breadcrumb\",\"itemListElement\":[{\"@type\":\"ListItem\",\"position\":1,\"name\":\"Accueil\",\"item\":\"https:\/\/asso.graie.org\/portail\/\"},{\"@type\":\"ListItem\",\"position\":2,\"name\":\"Rencontre ZABR | S\u00e9minaire OSTF\"}]},{\"@type\":\"WebSite\",\"@id\":\"https:\/\/asso.graie.org\/portail\/#website\",\"url\":\"https:\/\/asso.graie.org\/portail\/\",\"name\":\"Graie\",\"description\":\"P\u00f4le Eau et Territoires\",\"publisher\":{\"@id\":\"https:\/\/asso.graie.org\/portail\/#organization\"},\"potentialAction\":[{\"@type\":\"SearchAction\",\"target\":{\"@type\":\"EntryPoint\",\"urlTemplate\":\"https:\/\/asso.graie.org\/portail\/?s={search_term_string}\"},\"query-input\":\"required name=search_term_string\"}],\"inLanguage\":\"fr-FR\"},{\"@type\":\"Organization\",\"@id\":\"https:\/\/asso.graie.org\/portail\/#organization\",\"name\":\"Le Graie\",\"url\":\"https:\/\/asso.graie.org\/portail\/\",\"logo\":{\"@type\":\"ImageObject\",\"inLanguage\":\"fr-FR\",\"@id\":\"https:\/\/asso.graie.org\/portail\/#\/schema\/logo\/image\/\",\"url\":\"https:\/\/asso.graie.org\/portail\/wp-content\/uploads\/2021\/12\/Logotype-Graie.png\",\"contentUrl\":\"https:\/\/asso.graie.org\/portail\/wp-content\/uploads\/2021\/12\/Logotype-Graie.png\",\"width\":1890,\"height\":1181,\"caption\":\"Le Graie\"},\"image\":{\"@id\":\"https:\/\/asso.graie.org\/portail\/#\/schema\/logo\/image\/\"},\"sameAs\":[\"https:\/\/fr.linkedin.com\/company\/graie?trk=top_nav_home\",\"https:\/\/www.youtube.com\/channel\/UCZQk0Tt7upYwERYNdDIZqLQ\",\"https:\/\/twitter.com\/asso_graie\"]},{\"@type\":\"Person\",\"@id\":\"https:\/\/asso.graie.org\/portail\/#\/schema\/person\/486e14d091ff09d12f2b31bad560eb4f\",\"name\":\"Maureen Carpentier\",\"url\":\"https:\/\/asso.graie.org\/portail\/author\/juliettecasanova\/\"}]}<\/script>\n<!-- \/ Yoast SEO plugin. -->","yoast_head_json":{"title":"Rencontre ZABR | S\u00e9minaire OSTF | Graie","description":"La ZABR organise son s\u00e9minaire annuel \"Observation Sociale des Territoires Fluviaux\" qui aura lieu le 11 d\u00e9cembre 2023.","robots":{"index":"index","follow":"follow","max-snippet":"max-snippet:-1","max-image-preview":"max-image-preview:large","max-video-preview":"max-video-preview:-1"},"canonical":"https:\/\/asso.graie.org\/portail\/rencontre-zabr-seminaire-ostf\/","og_locale":"fr_FR","og_type":"article","og_title":"Rencontre ZABR | S\u00e9minaire OSTF | Graie","og_description":"La ZABR organise son s\u00e9minaire annuel \"Observation Sociale des Territoires Fluviaux\" qui aura lieu le 11 d\u00e9cembre 2023.","og_url":"https:\/\/asso.graie.org\/portail\/rencontre-zabr-seminaire-ostf\/","og_site_name":"Graie","article_published_time":"2023-11-28T08:02:35+00:00","article_modified_time":"2023-12-18T14:08:36+00:00","og_image":[{"width":3508,"height":2480,"url":"https:\/\/asso.graie.org\/portail\/wp-content\/uploads\/2017\/08\/ConfZABR_Donzere17.jpg","type":"image\/jpeg"}],"author":"Maureen Carpentier","twitter_card":"summary_large_image","twitter_creator":"@asso_graie","twitter_site":"@asso_graie","twitter_misc":{"\u00c9crit par":"Maureen Carpentier","Dur\u00e9e de lecture estim\u00e9e":"1 minute"},"schema":{"@context":"https:\/\/schema.org","@graph":[{"@type":"Article","@id":"https:\/\/asso.graie.org\/portail\/rencontre-zabr-seminaire-ostf\/#article","isPartOf":{"@id":"https:\/\/asso.graie.org\/portail\/rencontre-zabr-seminaire-ostf\/"},"author":{"name":"Maureen Carpentier","@id":"https:\/\/asso.graie.org\/portail\/#\/schema\/person\/486e14d091ff09d12f2b31bad560eb4f"},"headline":"Rencontre ZABR | S\u00e9minaire OSTF","datePublished":"2023-11-28T08:02:35+00:00","dateModified":"2023-12-18T14:08:36+00:00","mainEntityOfPage":{"@id":"https:\/\/asso.graie.org\/portail\/rencontre-zabr-seminaire-ostf\/"},"wordCount":140,"publisher":{"@id":"https:\/\/asso.graie.org\/portail\/#organization"},"keywords":["observation","ostf","s\u00e9minaire","sociale","territoires fluviaux","ZABR"],"articleSection":["Actu Graie","Milieux aquatiques","Toute l'actualit\u00e9"],"inLanguage":"fr-FR"},{"@type":"WebPage","@id":"https:\/\/asso.graie.org\/portail\/rencontre-zabr-seminaire-ostf\/","url":"https:\/\/asso.graie.org\/portail\/rencontre-zabr-seminaire-ostf\/","name":"Rencontre ZABR | S\u00e9minaire OSTF | Graie","isPartOf":{"@id":"https:\/\/asso.graie.org\/portail\/#website"},"datePublished":"2023-11-28T08:02:35+00:00","dateModified":"2023-12-18T14:08:36+00:00","description":"La ZABR organise son s\u00e9minaire annuel \"Observation Sociale des Territoires Fluviaux\" qui aura lieu le 11 d\u00e9cembre 2023.","breadcrumb":{"@id":"https:\/\/asso.graie.org\/portail\/rencontre-zabr-seminaire-ostf\/#breadcrumb"},"inLanguage":"fr-FR","potentialAction":[{"@type":"ReadAction","target":["https:\/\/asso.graie.org\/portail\/rencontre-zabr-seminaire-ostf\/"]}]},{"@type":"BreadcrumbList","@id":"https:\/\/asso.graie.org\/portail\/rencontre-zabr-seminaire-ostf\/#breadcrumb","itemListElement":[{"@type":"ListItem","position":1,"name":"Accueil","item":"https:\/\/asso.graie.org\/portail\/"},{"@type":"ListItem","position":2,"name":"Rencontre ZABR | S\u00e9minaire OSTF"}]},{"@type":"WebSite","@id":"https:\/\/asso.graie.org\/portail\/#website","url":"https:\/\/asso.graie.org\/portail\/","name":"Graie","description":"P\u00f4le Eau et Territoires","publisher":{"@id":"https:\/\/asso.graie.org\/portail\/#organization"},"potentialAction":[{"@type":"SearchAction","target":{"@type":"EntryPoint","urlTemplate":"https:\/\/asso.graie.org\/portail\/?s={search_term_string}"},"query-input":"required name=search_term_string"}],"inLanguage":"fr-FR"},{"@type":"Organization","@id":"https:\/\/asso.graie.org\/portail\/#organization","name":"Le Graie","url":"https:\/\/asso.graie.org\/portail\/","logo":{"@type":"ImageObject","inLanguage":"fr-FR","@id":"https:\/\/asso.graie.org\/portail\/#\/schema\/logo\/image\/","url":"https:\/\/asso.graie.org\/portail\/wp-content\/uploads\/2021\/12\/Logotype-Graie.png","contentUrl":"https:\/\/asso.graie.org\/portail\/wp-content\/uploads\/2021\/12\/Logotype-Graie.png","width":1890,"height":1181,"caption":"Le Graie"},"image":{"@id":"https:\/\/asso.graie.org\/portail\/#\/schema\/logo\/image\/"},"sameAs":["https:\/\/fr.linkedin.com\/company\/graie?trk=top_nav_home","https:\/\/www.youtube.com\/channel\/UCZQk0Tt7upYwERYNdDIZqLQ","https:\/\/twitter.com\/asso_graie"]},{"@type":"Person","@id":"https:\/\/asso.graie.org\/portail\/#\/schema\/person\/486e14d091ff09d12f2b31bad560eb4f","name":"Maureen Carpentier","url":"https:\/\/asso.graie.org\/portail\/author\/juliettecasanova\/"}]}},"_links":{"self":[{"href":"https:\/\/asso.graie.org\/portail\/wp-json\/wp\/v2\/posts\/24818"}],"collection":[{"href":"https:\/\/asso.graie.org\/portail\/wp-json\/wp\/v2\/posts"}],"about":[{"href":"https:\/\/asso.graie.org\/portail\/wp-json\/wp\/v2\/types\/post"}],"author":[{"embeddable":true,"href":"https:\/\/asso.graie.org\/portail\/wp-json\/wp\/v2\/users\/16"}],"replies":[{"embeddable":true,"href":"https:\/\/asso.graie.org\/portail\/wp-json\/wp\/v2\/comments?post=24818"}],"version-history":[{"count":3,"href":"https:\/\/asso.graie.org\/portail\/wp-json\/wp\/v2\/posts\/24818\/revisions"}],"predecessor-version":[{"id":24821,"href":"https:\/\/asso.graie.org\/portail\/wp-json\/wp\/v2\/posts\/24818\/revisions\/24821"}],"wp:featuredmedia":[{"embeddable":true,"href":"https:\/\/asso.graie.org\/portail\/wp-json\/wp\/v2\/media\/3975"}],"wp:attachment":[{"href":"https:\/\/asso.graie.org\/portail\/wp-json\/wp\/v2\/media?parent=24818"}],"wp:term":[{"taxonomy":"category","embeddable":true,"href":"https:\/\/asso.graie.org\/portail\/wp-json\/wp\/v2\/categories?post=24818"},{"taxonomy":"post_tag","embeddable":true,"href":"https:\/\/asso.graie.org\/portail\/wp-json\/wp\/v2\/tags?post=24818"}],"curies":[{"name":"wp","href":"https:\/\/api.w.org\/{rel}","templated":true}]}}