{"id":25118,"date":"2024-01-04T11:17:33","date_gmt":"2024-01-04T10:17:33","guid":{"rendered":"https:\/\/asso.graie.org\/portail\/?p=25118"},"modified":"2024-02-20T15:46:19","modified_gmt":"2024-02-20T14:46:19","slug":"evenement-partenaire-52e-congres-du-gfp","status":"publish","type":"post","link":"https:\/\/asso.graie.org\/portail\/evenement-partenaire-52e-congres-du-gfp\/","title":{"rendered":"Ev\u00e8nement Partenaire : 52e Congr\u00e8s du GFP"},"content":{"rendered":"\n<div style=\"height:64px\" aria-hidden=\"true\" class=\"wp-block-spacer\"><\/div>\n\n\n\n<h2 class=\"wp-block-heading\">Le Graie et la ZABR sont partenaires de la 52<sup>e<\/sup> \u00e9dition du congr\u00e8s du Groupe Fran\u00e7ais de recherches sur les Pesticides (GFP) qui portera sur la r\u00e9duction massive des usages de pesticides et des impacts associ\u00e9s : quels enjeux de connaissances et leviers d&rsquo;action ?<\/h2>\n\n\n\n<div style=\"height:34px\" aria-hidden=\"true\" class=\"wp-block-spacer\"><\/div>\n\n\n<div class=\"wp-block-image is-style-default\">\n<figure class=\"aligncenter size-full is-resized\"><img decoding=\"async\" loading=\"lazy\" width=\"856\" height=\"389\" src=\"https:\/\/asso.graie.org\/portail\/wp-content\/uploads\/2024\/01\/52e_congres_GFP.png\" alt=\"\" class=\"wp-image-25257\" style=\"aspect-ratio:2.2005141388174807;width:572px;height:auto\" srcset=\"https:\/\/asso.graie.org\/portail\/wp-content\/uploads\/2024\/01\/52e_congres_GFP.png 856w, https:\/\/asso.graie.org\/portail\/wp-content\/uploads\/2024\/01\/52e_congres_GFP-300x136.png 300w, https:\/\/asso.graie.org\/portail\/wp-content\/uploads\/2024\/01\/52e_congres_GFP-768x349.png 768w\" sizes=\"(max-width: 856px) 100vw, 856px\" \/><\/figure><\/div>\n\n\n<div style=\"height:29px\" aria-hidden=\"true\" class=\"wp-block-spacer\"><\/div>\n\n\n\n<hr class=\"wp-block-separator has-alpha-channel-opacity\"\/>\n\n\n\n<div style=\"height:30px\" aria-hidden=\"true\" class=\"wp-block-spacer\"><\/div>\n\n\n\n<h2 class=\"wp-block-heading has-text-align-center\">Du 22 au 24 mai 2024<\/h2>\n\n\n\n<div style=\"height:17px\" aria-hidden=\"true\" class=\"wp-block-spacer\"><\/div>\n\n\n\n<h3 class=\"wp-block-heading has-text-align-center\">Ecole Normale Sup\u00e9rieure, 69007 LYON<\/h3>\n\n\n\n<div style=\"height:17px\" aria-hidden=\"true\" class=\"wp-block-spacer\"><\/div>\n\n\n\n<p class=\"has-text-align-center\">Appel \u00e0 communication jusqu&rsquo;au 29 f\u00e9vrier 2024<\/p>\n\n\n\n<div style=\"height:30px\" aria-hidden=\"true\" class=\"wp-block-spacer\"><\/div>\n\n\n\n<hr class=\"wp-block-separator has-alpha-channel-opacity\"\/>\n\n\n\n<div style=\"height:41px\" aria-hidden=\"true\" class=\"wp-block-spacer\"><\/div>\n\n\n\n<h2 class=\"wp-block-heading\">D\u00e9posez vos r\u00e9sum\u00e9s courts<\/h2>\n\n\n\n<div style=\"height:23px\" aria-hidden=\"true\" class=\"wp-block-spacer\"><\/div>\n\n\n\n<p><strong>Les r\u00e9sum\u00e9s courts sont \u00e0 soumettre avant le 29 f\u00e9vrier 2024 <\/strong>via le formulaire disponible <strong><a href=\"http:\/\/www.gfpesticides.org\/congres\/623\/636-soumission-des-resumes-courts.html\">en cliquant ici.<\/a><\/strong><\/p>\n\n\n\n<p>Ils doivent respecter un mod\u00e8le au format word disponible sur la m\u00eame page.<\/p>\n\n\n\n<p>Les communications accept\u00e9es feront l\u2019objet d\u2019une publication dans les actes du GFP et certaines pourront faire l\u2019objet d\u2019un num\u00e9ro sp\u00e9cial de la revue ESPR (Environmental Science and Pollution Research).<\/p>\n\n\n\n<div style=\"height:52px\" aria-hidden=\"true\" class=\"wp-block-spacer\"><\/div>\n\n\n\n<h2 class=\"wp-block-heading\">Dates cl\u00e9s<\/h2>\n\n\n\n<div style=\"height:23px\" aria-hidden=\"true\" class=\"wp-block-spacer\"><\/div>\n\n\n\n<ul>\n<li>Janvier 2024 : Ouverture des inscriptions et soumissions<\/li>\n\n\n\n<li>29 F\u00e9vrier 2024 : Date limite d&rsquo;envoi des r\u00e9sum\u00e9s courts<\/li>\n\n\n\n<li>Dates du Prix Phytopharma 2024 \u00e0 venir<\/li>\n<\/ul>\n\n\n\n<div style=\"height:54px\" aria-hidden=\"true\" class=\"wp-block-spacer\"><\/div>\n\n\n\n<h2 class=\"wp-block-heading\">Public<\/h2>\n\n\n\n<div style=\"height:23px\" aria-hidden=\"true\" class=\"wp-block-spacer\"><\/div>\n\n\n\n<p>Colloque ouvert aux chercheurs, enseignants-chercheurs, ing\u00e9nieurs, techniciens, gestionnaires, professionnels, institutions,&#8230; concern\u00e9s par la th\u00e9matique<\/p>\n\n\n\n<div style=\"height:54px\" aria-hidden=\"true\" class=\"wp-block-spacer\"><\/div>\n\n\n\n<div class=\"wp-block-buttons is-content-justification-center is-layout-flex wp-container-1 wp-block-buttons-is-layout-flex\">\n<div class=\"wp-block-button\"><a class=\"wp-block-button__link has-black-color has-light-green-cyan-background-color has-text-color has-background wp-element-button\" href=\"http:\/\/www.gfpesticides.org\/congres\/623-gfp-2024.html\"><strong>PLUS D&rsquo;INFORMATIONS<\/strong><\/a><\/div>\n<\/div>\n\n\n\n<div style=\"height:57px\" aria-hidden=\"true\" class=\"wp-block-spacer\"><\/div>\n\n\n\n<h2 class=\"wp-block-heading\">Autres partenaires<\/h2>\n\n\n\n<figure class=\"wp-block-image size-full is-style-default\"><img decoding=\"async\" loading=\"lazy\" width=\"1650\" height=\"250\" src=\"https:\/\/asso.graie.org\/portail\/wp-content\/uploads\/2024\/02\/Logos_52e_GFP-3.png\" alt=\"\" class=\"wp-image-25281\" srcset=\"https:\/\/asso.graie.org\/portail\/wp-content\/uploads\/2024\/02\/Logos_52e_GFP-3.png 1650w, https:\/\/asso.graie.org\/portail\/wp-content\/uploads\/2024\/02\/Logos_52e_GFP-3-300x45.png 300w, https:\/\/asso.graie.org\/portail\/wp-content\/uploads\/2024\/02\/Logos_52e_GFP-3-1024x155.png 1024w, https:\/\/asso.graie.org\/portail\/wp-content\/uploads\/2024\/02\/Logos_52e_GFP-3-768x116.png 768w, https:\/\/asso.graie.org\/portail\/wp-content\/uploads\/2024\/02\/Logos_52e_GFP-3-1536x233.png 1536w\" sizes=\"(max-width: 1650px) 100vw, 1650px\" \/><\/figure>\n\n\n\n<div style=\"height:100px\" aria-hidden=\"true\" class=\"wp-block-spacer\"><\/div>\n","protected":false},"excerpt":{"rendered":"<p>Le Graie et la ZABR sont partenaires de la 52e \u00e9dition du congr\u00e8s du Groupe Fran\u00e7ais de recherches sur les Pesticides (GFP) qui portera sur la r\u00e9duction massive des usages de pesticides et des impacts associ\u00e9s : quels enjeux de &hellip;<\/p>\n","protected":false},"author":16,"featured_media":25119,"comment_status":"closed","ping_status":"closed","sticky":false,"template":"","format":"standard","meta":{"_mi_skip_tracking":false,"footnotes":""},"categories":[27,28],"tags":[1701,1597,1990,1673,1991,176],"acf":[],"yoast_head":"<!-- This site is optimized with the Yoast SEO plugin v19.13 - https:\/\/yoast.com\/wordpress\/plugins\/seo\/ -->\n<title>Ev\u00e8nement Partenaire : 52e Congr\u00e8s du GFP | Graie<\/title>\n<meta name=\"description\" content=\"La 52e \u00e9dition du congr\u00e8s du GFP portera sur la r\u00e9duction massive des usages de pesticides et des impacts associ\u00e9s : quels enjeux de connaissances et leviers d&#039;action ?\" \/>\n<meta name=\"robots\" content=\"index, follow, max-snippet:-1, max-image-preview:large, max-video-preview:-1\" \/>\n<link rel=\"canonical\" href=\"https:\/\/asso.graie.org\/portail\/evenement-partenaire-52e-congres-du-gfp\/\" \/>\n<meta property=\"og:locale\" content=\"fr_FR\" \/>\n<meta property=\"og:type\" content=\"article\" \/>\n<meta property=\"og:title\" content=\"Ev\u00e8nement Partenaire : 52e Congr\u00e8s du GFP | Graie\" \/>\n<meta property=\"og:description\" content=\"La 52e \u00e9dition du congr\u00e8s du GFP portera sur la r\u00e9duction massive des usages de pesticides et des impacts associ\u00e9s : quels enjeux de connaissances et leviers d&#039;action ?\" \/>\n<meta property=\"og:url\" content=\"https:\/\/asso.graie.org\/portail\/evenement-partenaire-52e-congres-du-gfp\/\" \/>\n<meta property=\"og:site_name\" content=\"Graie\" \/>\n<meta property=\"article:published_time\" content=\"2024-01-04T10:17:33+00:00\" \/>\n<meta property=\"article:modified_time\" content=\"2024-02-20T14:46:19+00:00\" \/>\n<meta property=\"og:image\" content=\"https:\/\/asso.graie.org\/portail\/wp-content\/uploads\/2024\/01\/52e-congres-GFP.png\" \/>\n\t<meta property=\"og:image:width\" content=\"699\" \/>\n\t<meta property=\"og:image:height\" content=\"382\" \/>\n\t<meta property=\"og:image:type\" content=\"image\/png\" \/>\n<meta name=\"author\" content=\"Maureen Carpentier\" \/>\n<meta name=\"twitter:card\" content=\"summary_large_image\" \/>\n<meta name=\"twitter:creator\" content=\"@asso_graie\" \/>\n<meta name=\"twitter:site\" content=\"@asso_graie\" \/>\n<meta name=\"twitter:label1\" content=\"\u00c9crit par\" \/>\n\t<meta name=\"twitter:data1\" content=\"Maureen Carpentier\" \/>\n\t<meta name=\"twitter:label2\" content=\"Dur\u00e9e de lecture estim\u00e9e\" \/>\n\t<meta name=\"twitter:data2\" content=\"1 minute\" \/>\n<script type=\"application\/ld+json\" class=\"yoast-schema-graph\">{\"@context\":\"https:\/\/schema.org\",\"@graph\":[{\"@type\":\"Article\",\"@id\":\"https:\/\/asso.graie.org\/portail\/evenement-partenaire-52e-congres-du-gfp\/#article\",\"isPartOf\":{\"@id\":\"https:\/\/asso.graie.org\/portail\/evenement-partenaire-52e-congres-du-gfp\/\"},\"author\":{\"name\":\"Maureen Carpentier\",\"@id\":\"https:\/\/asso.graie.org\/portail\/#\/schema\/person\/486e14d091ff09d12f2b31bad560eb4f\"},\"headline\":\"Ev\u00e8nement Partenaire : 52e Congr\u00e8s du GFP\",\"datePublished\":\"2024-01-04T10:17:33+00:00\",\"dateModified\":\"2024-02-20T14:46:19+00:00\",\"mainEntityOfPage\":{\"@id\":\"https:\/\/asso.graie.org\/portail\/evenement-partenaire-52e-congres-du-gfp\/\"},\"wordCount\":190,\"publisher\":{\"@id\":\"https:\/\/asso.graie.org\/portail\/#organization\"},\"keywords\":[\"colloque\",\"congr\u00e8s\",\"gfp\",\"partenaire\",\"pesticide\",\"pesticides\"],\"articleSection\":[\"Actualit\u00e9s partenaires\",\"Toute l'actualit\u00e9\"],\"inLanguage\":\"fr-FR\"},{\"@type\":\"WebPage\",\"@id\":\"https:\/\/asso.graie.org\/portail\/evenement-partenaire-52e-congres-du-gfp\/\",\"url\":\"https:\/\/asso.graie.org\/portail\/evenement-partenaire-52e-congres-du-gfp\/\",\"name\":\"Ev\u00e8nement Partenaire : 52e Congr\u00e8s du GFP | Graie\",\"isPartOf\":{\"@id\":\"https:\/\/asso.graie.org\/portail\/#website\"},\"datePublished\":\"2024-01-04T10:17:33+00:00\",\"dateModified\":\"2024-02-20T14:46:19+00:00\",\"description\":\"La 52e \u00e9dition du congr\u00e8s du GFP portera sur la r\u00e9duction massive des usages de pesticides et des impacts associ\u00e9s : quels enjeux de connaissances et leviers d'action ?\",\"breadcrumb\":{\"@id\":\"https:\/\/asso.graie.org\/portail\/evenement-partenaire-52e-congres-du-gfp\/#breadcrumb\"},\"inLanguage\":\"fr-FR\",\"potentialAction\":[{\"@type\":\"ReadAction\",\"target\":[\"https:\/\/asso.graie.org\/portail\/evenement-partenaire-52e-congres-du-gfp\/\"]}]},{\"@type\":\"BreadcrumbList\",\"@id\":\"https:\/\/asso.graie.org\/portail\/evenement-partenaire-52e-congres-du-gfp\/#breadcrumb\",\"itemListElement\":[{\"@type\":\"ListItem\",\"position\":1,\"name\":\"Accueil\",\"item\":\"https:\/\/asso.graie.org\/portail\/\"},{\"@type\":\"ListItem\",\"position\":2,\"name\":\"Ev\u00e8nement Partenaire : 52e Congr\u00e8s du GFP\"}]},{\"@type\":\"WebSite\",\"@id\":\"https:\/\/asso.graie.org\/portail\/#website\",\"url\":\"https:\/\/asso.graie.org\/portail\/\",\"name\":\"Graie\",\"description\":\"P\u00f4le Eau et Territoires\",\"publisher\":{\"@id\":\"https:\/\/asso.graie.org\/portail\/#organization\"},\"potentialAction\":[{\"@type\":\"SearchAction\",\"target\":{\"@type\":\"EntryPoint\",\"urlTemplate\":\"https:\/\/asso.graie.org\/portail\/?s={search_term_string}\"},\"query-input\":\"required name=search_term_string\"}],\"inLanguage\":\"fr-FR\"},{\"@type\":\"Organization\",\"@id\":\"https:\/\/asso.graie.org\/portail\/#organization\",\"name\":\"Le Graie\",\"url\":\"https:\/\/asso.graie.org\/portail\/\",\"logo\":{\"@type\":\"ImageObject\",\"inLanguage\":\"fr-FR\",\"@id\":\"https:\/\/asso.graie.org\/portail\/#\/schema\/logo\/image\/\",\"url\":\"https:\/\/asso.graie.org\/portail\/wp-content\/uploads\/2021\/12\/Logotype-Graie.png\",\"contentUrl\":\"https:\/\/asso.graie.org\/portail\/wp-content\/uploads\/2021\/12\/Logotype-Graie.png\",\"width\":1890,\"height\":1181,\"caption\":\"Le Graie\"},\"image\":{\"@id\":\"https:\/\/asso.graie.org\/portail\/#\/schema\/logo\/image\/\"},\"sameAs\":[\"https:\/\/fr.linkedin.com\/company\/graie?trk=top_nav_home\",\"https:\/\/www.youtube.com\/channel\/UCZQk0Tt7upYwERYNdDIZqLQ\",\"https:\/\/twitter.com\/asso_graie\"]},{\"@type\":\"Person\",\"@id\":\"https:\/\/asso.graie.org\/portail\/#\/schema\/person\/486e14d091ff09d12f2b31bad560eb4f\",\"name\":\"Maureen Carpentier\",\"url\":\"https:\/\/asso.graie.org\/portail\/author\/juliettecasanova\/\"}]}<\/script>\n<!-- \/ Yoast SEO plugin. -->","yoast_head_json":{"title":"Ev\u00e8nement Partenaire : 52e Congr\u00e8s du GFP | Graie","description":"La 52e \u00e9dition du congr\u00e8s du GFP portera sur la r\u00e9duction massive des usages de pesticides et des impacts associ\u00e9s : quels enjeux de connaissances et leviers d'action ?","robots":{"index":"index","follow":"follow","max-snippet":"max-snippet:-1","max-image-preview":"max-image-preview:large","max-video-preview":"max-video-preview:-1"},"canonical":"https:\/\/asso.graie.org\/portail\/evenement-partenaire-52e-congres-du-gfp\/","og_locale":"fr_FR","og_type":"article","og_title":"Ev\u00e8nement Partenaire : 52e Congr\u00e8s du GFP | Graie","og_description":"La 52e \u00e9dition du congr\u00e8s du GFP portera sur la r\u00e9duction massive des usages de pesticides et des impacts associ\u00e9s : quels enjeux de connaissances et leviers d'action ?","og_url":"https:\/\/asso.graie.org\/portail\/evenement-partenaire-52e-congres-du-gfp\/","og_site_name":"Graie","article_published_time":"2024-01-04T10:17:33+00:00","article_modified_time":"2024-02-20T14:46:19+00:00","og_image":[{"width":699,"height":382,"url":"https:\/\/asso.graie.org\/portail\/wp-content\/uploads\/2024\/01\/52e-congres-GFP.png","type":"image\/png"}],"author":"Maureen Carpentier","twitter_card":"summary_large_image","twitter_creator":"@asso_graie","twitter_site":"@asso_graie","twitter_misc":{"\u00c9crit par":"Maureen Carpentier","Dur\u00e9e de lecture estim\u00e9e":"1 minute"},"schema":{"@context":"https:\/\/schema.org","@graph":[{"@type":"Article","@id":"https:\/\/asso.graie.org\/portail\/evenement-partenaire-52e-congres-du-gfp\/#article","isPartOf":{"@id":"https:\/\/asso.graie.org\/portail\/evenement-partenaire-52e-congres-du-gfp\/"},"author":{"name":"Maureen Carpentier","@id":"https:\/\/asso.graie.org\/portail\/#\/schema\/person\/486e14d091ff09d12f2b31bad560eb4f"},"headline":"Ev\u00e8nement Partenaire : 52e Congr\u00e8s du GFP","datePublished":"2024-01-04T10:17:33+00:00","dateModified":"2024-02-20T14:46:19+00:00","mainEntityOfPage":{"@id":"https:\/\/asso.graie.org\/portail\/evenement-partenaire-52e-congres-du-gfp\/"},"wordCount":190,"publisher":{"@id":"https:\/\/asso.graie.org\/portail\/#organization"},"keywords":["colloque","congr\u00e8s","gfp","partenaire","pesticide","pesticides"],"articleSection":["Actualit\u00e9s partenaires","Toute l'actualit\u00e9"],"inLanguage":"fr-FR"},{"@type":"WebPage","@id":"https:\/\/asso.graie.org\/portail\/evenement-partenaire-52e-congres-du-gfp\/","url":"https:\/\/asso.graie.org\/portail\/evenement-partenaire-52e-congres-du-gfp\/","name":"Ev\u00e8nement Partenaire : 52e Congr\u00e8s du GFP | Graie","isPartOf":{"@id":"https:\/\/asso.graie.org\/portail\/#website"},"datePublished":"2024-01-04T10:17:33+00:00","dateModified":"2024-02-20T14:46:19+00:00","description":"La 52e \u00e9dition du congr\u00e8s du GFP portera sur la r\u00e9duction massive des usages de pesticides et des impacts associ\u00e9s : quels enjeux de connaissances et leviers d'action ?","breadcrumb":{"@id":"https:\/\/asso.graie.org\/portail\/evenement-partenaire-52e-congres-du-gfp\/#breadcrumb"},"inLanguage":"fr-FR","potentialAction":[{"@type":"ReadAction","target":["https:\/\/asso.graie.org\/portail\/evenement-partenaire-52e-congres-du-gfp\/"]}]},{"@type":"BreadcrumbList","@id":"https:\/\/asso.graie.org\/portail\/evenement-partenaire-52e-congres-du-gfp\/#breadcrumb","itemListElement":[{"@type":"ListItem","position":1,"name":"Accueil","item":"https:\/\/asso.graie.org\/portail\/"},{"@type":"ListItem","position":2,"name":"Ev\u00e8nement Partenaire : 52e Congr\u00e8s du GFP"}]},{"@type":"WebSite","@id":"https:\/\/asso.graie.org\/portail\/#website","url":"https:\/\/asso.graie.org\/portail\/","name":"Graie","description":"P\u00f4le Eau et Territoires","publisher":{"@id":"https:\/\/asso.graie.org\/portail\/#organization"},"potentialAction":[{"@type":"SearchAction","target":{"@type":"EntryPoint","urlTemplate":"https:\/\/asso.graie.org\/portail\/?s={search_term_string}"},"query-input":"required name=search_term_string"}],"inLanguage":"fr-FR"},{"@type":"Organization","@id":"https:\/\/asso.graie.org\/portail\/#organization","name":"Le Graie","url":"https:\/\/asso.graie.org\/portail\/","logo":{"@type":"ImageObject","inLanguage":"fr-FR","@id":"https:\/\/asso.graie.org\/portail\/#\/schema\/logo\/image\/","url":"https:\/\/asso.graie.org\/portail\/wp-content\/uploads\/2021\/12\/Logotype-Graie.png","contentUrl":"https:\/\/asso.graie.org\/portail\/wp-content\/uploads\/2021\/12\/Logotype-Graie.png","width":1890,"height":1181,"caption":"Le Graie"},"image":{"@id":"https:\/\/asso.graie.org\/portail\/#\/schema\/logo\/image\/"},"sameAs":["https:\/\/fr.linkedin.com\/company\/graie?trk=top_nav_home","https:\/\/www.youtube.com\/channel\/UCZQk0Tt7upYwERYNdDIZqLQ","https:\/\/twitter.com\/asso_graie"]},{"@type":"Person","@id":"https:\/\/asso.graie.org\/portail\/#\/schema\/person\/486e14d091ff09d12f2b31bad560eb4f","name":"Maureen Carpentier","url":"https:\/\/asso.graie.org\/portail\/author\/juliettecasanova\/"}]}},"_links":{"self":[{"href":"https:\/\/asso.graie.org\/portail\/wp-json\/wp\/v2\/posts\/25118"}],"collection":[{"href":"https:\/\/asso.graie.org\/portail\/wp-json\/wp\/v2\/posts"}],"about":[{"href":"https:\/\/asso.graie.org\/portail\/wp-json\/wp\/v2\/types\/post"}],"author":[{"embeddable":true,"href":"https:\/\/asso.graie.org\/portail\/wp-json\/wp\/v2\/users\/16"}],"replies":[{"embeddable":true,"href":"https:\/\/asso.graie.org\/portail\/wp-json\/wp\/v2\/comments?post=25118"}],"version-history":[{"count":11,"href":"https:\/\/asso.graie.org\/portail\/wp-json\/wp\/v2\/posts\/25118\/revisions"}],"predecessor-version":[{"id":25284,"href":"https:\/\/asso.graie.org\/portail\/wp-json\/wp\/v2\/posts\/25118\/revisions\/25284"}],"wp:featuredmedia":[{"embeddable":true,"href":"https:\/\/asso.graie.org\/portail\/wp-json\/wp\/v2\/media\/25119"}],"wp:attachment":[{"href":"https:\/\/asso.graie.org\/portail\/wp-json\/wp\/v2\/media?parent=25118"}],"wp:term":[{"taxonomy":"category","embeddable":true,"href":"https:\/\/asso.graie.org\/portail\/wp-json\/wp\/v2\/categories?post=25118"},{"taxonomy":"post_tag","embeddable":true,"href":"https:\/\/asso.graie.org\/portail\/wp-json\/wp\/v2\/tags?post=25118"}],"curies":[{"name":"wp","href":"https:\/\/api.w.org\/{rel}","templated":true}]}}