{"id":25266,"date":"2024-01-29T11:34:29","date_gmt":"2024-01-29T10:34:29","guid":{"rendered":"https:\/\/asso.graie.org\/portail\/?p=25266"},"modified":"2024-02-16T09:14:56","modified_gmt":"2024-02-16T08:14:56","slug":"deces-de-pascal-petit","status":"publish","type":"post","link":"https:\/\/asso.graie.org\/portail\/deces-de-pascal-petit\/","title":{"rendered":"D\u00e9c\u00e8s de Pascal Petit"},"content":{"rendered":"\n<div style=\"height:47px\" aria-hidden=\"true\" class=\"wp-block-spacer\"><\/div>\n\n\n<div class=\"wp-block-image is-style-default\">\n<figure class=\"aligncenter size-full is-resized\"><img decoding=\"async\" loading=\"lazy\" width=\"800\" height=\"800\" src=\"https:\/\/asso.graie.org\/portail\/wp-content\/uploads\/2024\/01\/image.png\" alt=\"\" class=\"wp-image-25267\" style=\"aspect-ratio:1;width:327px;height:auto\" srcset=\"https:\/\/asso.graie.org\/portail\/wp-content\/uploads\/2024\/01\/image.png 800w, https:\/\/asso.graie.org\/portail\/wp-content\/uploads\/2024\/01\/image-300x300.png 300w, https:\/\/asso.graie.org\/portail\/wp-content\/uploads\/2024\/01\/image-150x150.png 150w, https:\/\/asso.graie.org\/portail\/wp-content\/uploads\/2024\/01\/image-768x768.png 768w\" sizes=\"(max-width: 800px) 100vw, 800px\" \/><\/figure><\/div>\n\n\n<div style=\"height:47px\" aria-hidden=\"true\" class=\"wp-block-spacer\"><\/div>\n\n\n\n<h2 class=\"wp-block-heading\">C\u2019est avec une immense tristesse que le Graie a appris le d\u00e9c\u00e8s de Pascal Petit, parti brutalement ce vendredi \u00e0 l&rsquo;\u00e2ge de 60 ans.<\/h2>\n\n\n\n<div style=\"height:33px\" aria-hidden=\"true\" class=\"wp-block-spacer\"><\/div>\n\n\n\n<p><strong>Pascal \u00e9tait directeur technique de Roannaise de l\u2019eau, membre actif et administrateur du Graie.<\/strong><\/p>\n\n\n\n<div style=\"height:24px\" aria-hidden=\"true\" class=\"wp-block-spacer\"><\/div>\n\n\n\n<p>Comme dans d\u2019autres associations, il portait avec conviction et enthousiasme des projets qui visent \u00e0 faire \u00e9voluer les pratiques des collectivit\u00e9s. Il venait s\u2019enrichir des exp\u00e9riences et recherches des uns et des autres&nbsp;; Il partageait avec nous, en toute simplicit\u00e9, une vraie vision et une pratique exemplaire sur cette voie de l\u2019innovation et de l\u2019adaptation.<\/p>\n\n\n\n<div style=\"height:24px\" aria-hidden=\"true\" class=\"wp-block-spacer\"><\/div>\n\n\n\n<p>Nous avons ensemble initi\u00e9 et partag\u00e9 bon nombre de r\u00e9flexions, groupes de travail, visites, formations, rencontres, une soir\u00e9e cin\u00e9-eau, sans jamais renoncer \u00e0 chercher ensemble des r\u00e9ponses adapt\u00e9es et \u00e0 dynamiser le r\u00e9seau.<\/p>\n\n\n\n<div style=\"height:24px\" aria-hidden=\"true\" class=\"wp-block-spacer\"><\/div>\n\n\n\n<p>La gestion \u00e0 la source des eaux pluviales, en mobilisant les acteurs locaux \u00e0 s\u2019engager pour des territoires eau-responsables, \u00e9tait un des axes forts de la strat\u00e9gie et des actions qu\u2019il a d\u00e9ploy\u00e9es, qui font du roannais un territoire exemplaire.<\/p>\n\n\n\n<div style=\"height:24px\" aria-hidden=\"true\" class=\"wp-block-spacer\"><\/div>\n\n\n\n<p><strong>Nos pens\u00e9es vont vers sa famille, ses proches, ses coll\u00e8gues et \u00e9lus.<\/strong><\/p>\n\n\n\n<div style=\"height:100px\" aria-hidden=\"true\" class=\"wp-block-spacer\"><\/div>\n","protected":false},"excerpt":{"rendered":"<p>C\u2019est avec une immense tristesse que le Graie a appris le d\u00e9c\u00e8s de Pascal Petit, parti brutalement ce vendredi \u00e0 l&rsquo;\u00e2ge de 60 ans. Pascal \u00e9tait directeur technique de Roannaise de l\u2019eau, membre actif et administrateur du Graie. Comme dans &hellip;<\/p>\n","protected":false},"author":16,"featured_media":25267,"comment_status":"closed","ping_status":"closed","sticky":false,"template":"","format":"standard","meta":{"_mi_skip_tracking":false,"footnotes":""},"categories":[24,28],"tags":[1967,1964,1995,1996,1992,1993],"acf":[],"yoast_head":"<!-- This site is optimized with the Yoast SEO plugin v19.13 - https:\/\/yoast.com\/wordpress\/plugins\/seo\/ -->\n<title>D\u00e9c\u00e8s de Pascal Petit | Graie<\/title>\n<meta name=\"description\" content=\"C\u2019est avec une immense tristesse que le Graie a appris le d\u00e9c\u00e8s de Pascal Petit, ce vendredi 29 janvier 2024.\" \/>\n<meta name=\"robots\" content=\"index, follow, max-snippet:-1, max-image-preview:large, max-video-preview:-1\" \/>\n<link rel=\"canonical\" href=\"https:\/\/asso.graie.org\/portail\/deces-de-pascal-petit\/\" \/>\n<meta property=\"og:locale\" content=\"fr_FR\" \/>\n<meta property=\"og:type\" content=\"article\" \/>\n<meta property=\"og:title\" content=\"D\u00e9c\u00e8s de Pascal Petit | Graie\" \/>\n<meta property=\"og:description\" content=\"C\u2019est avec une immense tristesse que le Graie a appris le d\u00e9c\u00e8s de Pascal Petit, ce vendredi 29 janvier 2024.\" \/>\n<meta property=\"og:url\" content=\"https:\/\/asso.graie.org\/portail\/deces-de-pascal-petit\/\" \/>\n<meta property=\"og:site_name\" content=\"Graie\" \/>\n<meta property=\"article:published_time\" content=\"2024-01-29T10:34:29+00:00\" \/>\n<meta property=\"article:modified_time\" content=\"2024-02-16T08:14:56+00:00\" \/>\n<meta property=\"og:image\" content=\"https:\/\/asso.graie.org\/portail\/wp-content\/uploads\/2024\/01\/image.png\" \/>\n\t<meta property=\"og:image:width\" content=\"800\" \/>\n\t<meta property=\"og:image:height\" content=\"800\" \/>\n\t<meta property=\"og:image:type\" content=\"image\/png\" \/>\n<meta name=\"author\" content=\"Maureen Carpentier\" \/>\n<meta name=\"twitter:card\" content=\"summary_large_image\" \/>\n<meta name=\"twitter:creator\" content=\"@asso_graie\" \/>\n<meta name=\"twitter:site\" content=\"@asso_graie\" \/>\n<meta name=\"twitter:label1\" content=\"\u00c9crit par\" \/>\n\t<meta name=\"twitter:data1\" content=\"Maureen Carpentier\" \/>\n\t<meta name=\"twitter:label2\" content=\"Dur\u00e9e de lecture estim\u00e9e\" \/>\n\t<meta name=\"twitter:data2\" content=\"1 minute\" \/>\n<script type=\"application\/ld+json\" class=\"yoast-schema-graph\">{\"@context\":\"https:\/\/schema.org\",\"@graph\":[{\"@type\":\"Article\",\"@id\":\"https:\/\/asso.graie.org\/portail\/deces-de-pascal-petit\/#article\",\"isPartOf\":{\"@id\":\"https:\/\/asso.graie.org\/portail\/deces-de-pascal-petit\/\"},\"author\":{\"name\":\"Maureen Carpentier\",\"@id\":\"https:\/\/asso.graie.org\/portail\/#\/schema\/person\/486e14d091ff09d12f2b31bad560eb4f\"},\"headline\":\"D\u00e9c\u00e8s de Pascal Petit\",\"datePublished\":\"2024-01-29T10:34:29+00:00\",\"dateModified\":\"2024-02-16T08:14:56+00:00\",\"mainEntityOfPage\":{\"@id\":\"https:\/\/asso.graie.org\/portail\/deces-de-pascal-petit\/\"},\"wordCount\":202,\"publisher\":{\"@id\":\"https:\/\/asso.graie.org\/portail\/#organization\"},\"keywords\":[\"communaut\u00e9 de l'eau\",\"d\u00e9c\u00e8s\",\"pascal\",\"petit\",\"roannaise de l'eau\",\"roanne\"],\"articleSection\":[\"Actu Graie\",\"Toute l'actualit\u00e9\"],\"inLanguage\":\"fr-FR\"},{\"@type\":\"WebPage\",\"@id\":\"https:\/\/asso.graie.org\/portail\/deces-de-pascal-petit\/\",\"url\":\"https:\/\/asso.graie.org\/portail\/deces-de-pascal-petit\/\",\"name\":\"D\u00e9c\u00e8s de Pascal Petit | Graie\",\"isPartOf\":{\"@id\":\"https:\/\/asso.graie.org\/portail\/#website\"},\"datePublished\":\"2024-01-29T10:34:29+00:00\",\"dateModified\":\"2024-02-16T08:14:56+00:00\",\"description\":\"C\u2019est avec une immense tristesse que le Graie a appris le d\u00e9c\u00e8s de Pascal Petit, ce vendredi 29 janvier 2024.\",\"breadcrumb\":{\"@id\":\"https:\/\/asso.graie.org\/portail\/deces-de-pascal-petit\/#breadcrumb\"},\"inLanguage\":\"fr-FR\",\"potentialAction\":[{\"@type\":\"ReadAction\",\"target\":[\"https:\/\/asso.graie.org\/portail\/deces-de-pascal-petit\/\"]}]},{\"@type\":\"BreadcrumbList\",\"@id\":\"https:\/\/asso.graie.org\/portail\/deces-de-pascal-petit\/#breadcrumb\",\"itemListElement\":[{\"@type\":\"ListItem\",\"position\":1,\"name\":\"Accueil\",\"item\":\"https:\/\/asso.graie.org\/portail\/\"},{\"@type\":\"ListItem\",\"position\":2,\"name\":\"D\u00e9c\u00e8s de Pascal Petit\"}]},{\"@type\":\"WebSite\",\"@id\":\"https:\/\/asso.graie.org\/portail\/#website\",\"url\":\"https:\/\/asso.graie.org\/portail\/\",\"name\":\"Graie\",\"description\":\"P\u00f4le Eau et Territoires\",\"publisher\":{\"@id\":\"https:\/\/asso.graie.org\/portail\/#organization\"},\"potentialAction\":[{\"@type\":\"SearchAction\",\"target\":{\"@type\":\"EntryPoint\",\"urlTemplate\":\"https:\/\/asso.graie.org\/portail\/?s={search_term_string}\"},\"query-input\":\"required name=search_term_string\"}],\"inLanguage\":\"fr-FR\"},{\"@type\":\"Organization\",\"@id\":\"https:\/\/asso.graie.org\/portail\/#organization\",\"name\":\"Le Graie\",\"url\":\"https:\/\/asso.graie.org\/portail\/\",\"logo\":{\"@type\":\"ImageObject\",\"inLanguage\":\"fr-FR\",\"@id\":\"https:\/\/asso.graie.org\/portail\/#\/schema\/logo\/image\/\",\"url\":\"https:\/\/asso.graie.org\/portail\/wp-content\/uploads\/2021\/12\/Logotype-Graie.png\",\"contentUrl\":\"https:\/\/asso.graie.org\/portail\/wp-content\/uploads\/2021\/12\/Logotype-Graie.png\",\"width\":1890,\"height\":1181,\"caption\":\"Le Graie\"},\"image\":{\"@id\":\"https:\/\/asso.graie.org\/portail\/#\/schema\/logo\/image\/\"},\"sameAs\":[\"https:\/\/fr.linkedin.com\/company\/graie?trk=top_nav_home\",\"https:\/\/www.youtube.com\/channel\/UCZQk0Tt7upYwERYNdDIZqLQ\",\"https:\/\/twitter.com\/asso_graie\"]},{\"@type\":\"Person\",\"@id\":\"https:\/\/asso.graie.org\/portail\/#\/schema\/person\/486e14d091ff09d12f2b31bad560eb4f\",\"name\":\"Maureen Carpentier\",\"url\":\"https:\/\/asso.graie.org\/portail\/author\/juliettecasanova\/\"}]}<\/script>\n<!-- \/ Yoast SEO plugin. -->","yoast_head_json":{"title":"D\u00e9c\u00e8s de Pascal Petit | Graie","description":"C\u2019est avec une immense tristesse que le Graie a appris le d\u00e9c\u00e8s de Pascal Petit, ce vendredi 29 janvier 2024.","robots":{"index":"index","follow":"follow","max-snippet":"max-snippet:-1","max-image-preview":"max-image-preview:large","max-video-preview":"max-video-preview:-1"},"canonical":"https:\/\/asso.graie.org\/portail\/deces-de-pascal-petit\/","og_locale":"fr_FR","og_type":"article","og_title":"D\u00e9c\u00e8s de Pascal Petit | Graie","og_description":"C\u2019est avec une immense tristesse que le Graie a appris le d\u00e9c\u00e8s de Pascal Petit, ce vendredi 29 janvier 2024.","og_url":"https:\/\/asso.graie.org\/portail\/deces-de-pascal-petit\/","og_site_name":"Graie","article_published_time":"2024-01-29T10:34:29+00:00","article_modified_time":"2024-02-16T08:14:56+00:00","og_image":[{"width":800,"height":800,"url":"https:\/\/asso.graie.org\/portail\/wp-content\/uploads\/2024\/01\/image.png","type":"image\/png"}],"author":"Maureen Carpentier","twitter_card":"summary_large_image","twitter_creator":"@asso_graie","twitter_site":"@asso_graie","twitter_misc":{"\u00c9crit par":"Maureen Carpentier","Dur\u00e9e de lecture estim\u00e9e":"1 minute"},"schema":{"@context":"https:\/\/schema.org","@graph":[{"@type":"Article","@id":"https:\/\/asso.graie.org\/portail\/deces-de-pascal-petit\/#article","isPartOf":{"@id":"https:\/\/asso.graie.org\/portail\/deces-de-pascal-petit\/"},"author":{"name":"Maureen Carpentier","@id":"https:\/\/asso.graie.org\/portail\/#\/schema\/person\/486e14d091ff09d12f2b31bad560eb4f"},"headline":"D\u00e9c\u00e8s de Pascal Petit","datePublished":"2024-01-29T10:34:29+00:00","dateModified":"2024-02-16T08:14:56+00:00","mainEntityOfPage":{"@id":"https:\/\/asso.graie.org\/portail\/deces-de-pascal-petit\/"},"wordCount":202,"publisher":{"@id":"https:\/\/asso.graie.org\/portail\/#organization"},"keywords":["communaut\u00e9 de l'eau","d\u00e9c\u00e8s","pascal","petit","roannaise de l'eau","roanne"],"articleSection":["Actu Graie","Toute l'actualit\u00e9"],"inLanguage":"fr-FR"},{"@type":"WebPage","@id":"https:\/\/asso.graie.org\/portail\/deces-de-pascal-petit\/","url":"https:\/\/asso.graie.org\/portail\/deces-de-pascal-petit\/","name":"D\u00e9c\u00e8s de Pascal Petit | Graie","isPartOf":{"@id":"https:\/\/asso.graie.org\/portail\/#website"},"datePublished":"2024-01-29T10:34:29+00:00","dateModified":"2024-02-16T08:14:56+00:00","description":"C\u2019est avec une immense tristesse que le Graie a appris le d\u00e9c\u00e8s de Pascal Petit, ce vendredi 29 janvier 2024.","breadcrumb":{"@id":"https:\/\/asso.graie.org\/portail\/deces-de-pascal-petit\/#breadcrumb"},"inLanguage":"fr-FR","potentialAction":[{"@type":"ReadAction","target":["https:\/\/asso.graie.org\/portail\/deces-de-pascal-petit\/"]}]},{"@type":"BreadcrumbList","@id":"https:\/\/asso.graie.org\/portail\/deces-de-pascal-petit\/#breadcrumb","itemListElement":[{"@type":"ListItem","position":1,"name":"Accueil","item":"https:\/\/asso.graie.org\/portail\/"},{"@type":"ListItem","position":2,"name":"D\u00e9c\u00e8s de Pascal Petit"}]},{"@type":"WebSite","@id":"https:\/\/asso.graie.org\/portail\/#website","url":"https:\/\/asso.graie.org\/portail\/","name":"Graie","description":"P\u00f4le Eau et Territoires","publisher":{"@id":"https:\/\/asso.graie.org\/portail\/#organization"},"potentialAction":[{"@type":"SearchAction","target":{"@type":"EntryPoint","urlTemplate":"https:\/\/asso.graie.org\/portail\/?s={search_term_string}"},"query-input":"required name=search_term_string"}],"inLanguage":"fr-FR"},{"@type":"Organization","@id":"https:\/\/asso.graie.org\/portail\/#organization","name":"Le Graie","url":"https:\/\/asso.graie.org\/portail\/","logo":{"@type":"ImageObject","inLanguage":"fr-FR","@id":"https:\/\/asso.graie.org\/portail\/#\/schema\/logo\/image\/","url":"https:\/\/asso.graie.org\/portail\/wp-content\/uploads\/2021\/12\/Logotype-Graie.png","contentUrl":"https:\/\/asso.graie.org\/portail\/wp-content\/uploads\/2021\/12\/Logotype-Graie.png","width":1890,"height":1181,"caption":"Le Graie"},"image":{"@id":"https:\/\/asso.graie.org\/portail\/#\/schema\/logo\/image\/"},"sameAs":["https:\/\/fr.linkedin.com\/company\/graie?trk=top_nav_home","https:\/\/www.youtube.com\/channel\/UCZQk0Tt7upYwERYNdDIZqLQ","https:\/\/twitter.com\/asso_graie"]},{"@type":"Person","@id":"https:\/\/asso.graie.org\/portail\/#\/schema\/person\/486e14d091ff09d12f2b31bad560eb4f","name":"Maureen Carpentier","url":"https:\/\/asso.graie.org\/portail\/author\/juliettecasanova\/"}]}},"_links":{"self":[{"href":"https:\/\/asso.graie.org\/portail\/wp-json\/wp\/v2\/posts\/25266"}],"collection":[{"href":"https:\/\/asso.graie.org\/portail\/wp-json\/wp\/v2\/posts"}],"about":[{"href":"https:\/\/asso.graie.org\/portail\/wp-json\/wp\/v2\/types\/post"}],"author":[{"embeddable":true,"href":"https:\/\/asso.graie.org\/portail\/wp-json\/wp\/v2\/users\/16"}],"replies":[{"embeddable":true,"href":"https:\/\/asso.graie.org\/portail\/wp-json\/wp\/v2\/comments?post=25266"}],"version-history":[{"count":2,"href":"https:\/\/asso.graie.org\/portail\/wp-json\/wp\/v2\/posts\/25266\/revisions"}],"predecessor-version":[{"id":25269,"href":"https:\/\/asso.graie.org\/portail\/wp-json\/wp\/v2\/posts\/25266\/revisions\/25269"}],"wp:featuredmedia":[{"embeddable":true,"href":"https:\/\/asso.graie.org\/portail\/wp-json\/wp\/v2\/media\/25267"}],"wp:attachment":[{"href":"https:\/\/asso.graie.org\/portail\/wp-json\/wp\/v2\/media?parent=25266"}],"wp:term":[{"taxonomy":"category","embeddable":true,"href":"https:\/\/asso.graie.org\/portail\/wp-json\/wp\/v2\/categories?post=25266"},{"taxonomy":"post_tag","embeddable":true,"href":"https:\/\/asso.graie.org\/portail\/wp-json\/wp\/v2\/tags?post=25266"}],"curies":[{"name":"wp","href":"https:\/\/api.w.org\/{rel}","templated":true}]}}