{"id":25882,"date":"2024-04-25T10:21:40","date_gmt":"2024-04-25T08:21:40","guid":{"rendered":"https:\/\/asso.graie.org\/portail\/?p=25882"},"modified":"2024-04-25T10:30:06","modified_gmt":"2024-04-25T08:30:06","slug":"partenaire-journeescientifiquesno2024","status":"publish","type":"post","link":"https:\/\/asso.graie.org\/portail\/partenaire-journeescientifiquesno2024\/","title":{"rendered":"SNO | 4\u00e8mes Journ\u00e9es Scientifiques du SNO Observil |13 ET 14 JUIN 2024 &#8211; INSA LYON"},"content":{"rendered":"\n<figure class=\"wp-block-image size-large is-style-default\"><img decoding=\"async\" loading=\"lazy\" width=\"1024\" height=\"227\" src=\"https:\/\/asso.graie.org\/portail\/wp-content\/uploads\/2024\/04\/sno-1024x227.png\" alt=\"\" class=\"wp-image-25883\" srcset=\"https:\/\/asso.graie.org\/portail\/wp-content\/uploads\/2024\/04\/sno-1024x227.png 1024w, https:\/\/asso.graie.org\/portail\/wp-content\/uploads\/2024\/04\/sno-300x67.png 300w, https:\/\/asso.graie.org\/portail\/wp-content\/uploads\/2024\/04\/sno-768x171.png 768w, https:\/\/asso.graie.org\/portail\/wp-content\/uploads\/2024\/04\/sno.png 1256w\" sizes=\"(max-width: 1024px) 100vw, 1024px\" \/><\/figure>\n\n\n\n<p><strong>Le Service National d&rsquo;Observation (SNO) Observil, labellis\u00e9 par le CNRS INSU en 2020, organise pour la 4\u00e8me ann\u00e9e cons\u00e9cutive ses Journ\u00e9es Scientifiques<\/strong> les <strong>jeudi 13 et vendredi 14 juin 2024<\/strong>, \u00e0 l&rsquo;<strong>INSA de Lyon en partenariat avec l&rsquo;Othu \u00ab\u00a0Observatoire de terrain en hydrologie urbaine- Lyon\u00a0\u00bb.<\/strong> <br>( SEMINAIRE RESTREINT 30 PLACES de mise en relation des observatoires membres et de leurs pilotes &#8211; 5 places par observatoires )<\/p>\n\n\n\n<p><a href=\"https:\/\/sno-observil.fr\/actualites\/actualites-details\/3emes-journees-scientifiques-du-sno-observil-1-1\"><strong>LIEN<\/strong><\/a><\/p>\n\n\n\n<div style=\"height:37px\" aria-hidden=\"true\" class=\"wp-block-spacer\"><\/div>\n\n\n\n<div style=\"height:100px\" aria-hidden=\"true\" class=\"wp-block-spacer\"><\/div>\n","protected":false},"excerpt":{"rendered":"<p>Le Service National d&rsquo;Observation (SNO) Observil, labellis\u00e9 par le CNRS INSU en 2020, organise pour la 4\u00e8me ann\u00e9e cons\u00e9cutive ses Journ\u00e9es Scientifiques les jeudi 13 et vendredi 14 juin 2024, \u00e0 l&rsquo;INSA de Lyon en partenariat avec l&rsquo;Othu \u00ab\u00a0Observatoire de &hellip;<\/p>\n","protected":false},"author":9,"featured_media":25887,"comment_status":"closed","ping_status":"closed","sticky":false,"template":"","format":"standard","meta":{"_mi_skip_tracking":false,"footnotes":""},"categories":[27,28],"tags":[1693,2010,638,1673,2011,2009],"acf":[],"yoast_head":"<!-- This site is optimized with the Yoast SEO plugin v19.13 - https:\/\/yoast.com\/wordpress\/plugins\/seo\/ -->\n<title>SNO | 4\u00e8mes Journ\u00e9es Scientifiques du SNO Observil |13 ET 14 JUIN 2024 - INSA LYON | Graie<\/title>\n<meta name=\"description\" content=\"Le Service National d&#039;Observation (SNO) Observil, labellis\u00e9 par le CNRS INSU en 2020, organise pour la 4\u00e8me ann\u00e9e cons\u00e9cutive ses Journ\u00e9es Scientifiques les jeudi 13 et vendredi 14 juin 2024, \u00e0 l&#039;INSA de Lyon en partenariat avec l&#039;Othu. ( SEMINAIRE RESTREINT 30 PLACES de mise en relation des observatoires membres et de leurs pilotes - 5 places par observatoires )\" \/>\n<meta name=\"robots\" content=\"index, follow, max-snippet:-1, max-image-preview:large, max-video-preview:-1\" \/>\n<link rel=\"canonical\" href=\"https:\/\/asso.graie.org\/portail\/partenaire-journeescientifiquesno2024\/\" \/>\n<meta property=\"og:locale\" content=\"fr_FR\" \/>\n<meta property=\"og:type\" content=\"article\" \/>\n<meta property=\"og:title\" content=\"SNO | 4\u00e8mes Journ\u00e9es Scientifiques du SNO Observil |13 ET 14 JUIN 2024 - INSA LYON | Graie\" \/>\n<meta property=\"og:description\" content=\"Le Service National d&#039;Observation (SNO) Observil, labellis\u00e9 par le CNRS INSU en 2020, organise pour la 4\u00e8me ann\u00e9e cons\u00e9cutive ses Journ\u00e9es Scientifiques les jeudi 13 et vendredi 14 juin 2024, \u00e0 l&#039;INSA de Lyon en partenariat avec l&#039;Othu. ( SEMINAIRE RESTREINT 30 PLACES de mise en relation des observatoires membres et de leurs pilotes - 5 places par observatoires )\" \/>\n<meta property=\"og:url\" content=\"https:\/\/asso.graie.org\/portail\/partenaire-journeescientifiquesno2024\/\" \/>\n<meta property=\"og:site_name\" content=\"Graie\" \/>\n<meta property=\"article:published_time\" content=\"2024-04-25T08:21:40+00:00\" \/>\n<meta property=\"article:modified_time\" content=\"2024-04-25T08:30:06+00:00\" \/>\n<meta property=\"og:image\" content=\"https:\/\/asso.graie.org\/portail\/wp-content\/uploads\/2024\/04\/sno2-e1714033762284.png\" \/>\n\t<meta property=\"og:image:width\" content=\"500\" \/>\n\t<meta property=\"og:image:height\" content=\"404\" \/>\n\t<meta property=\"og:image:type\" content=\"image\/png\" \/>\n<meta name=\"author\" content=\"Laetitia Bacot\" \/>\n<meta name=\"twitter:card\" content=\"summary_large_image\" \/>\n<meta name=\"twitter:creator\" content=\"@asso_graie\" \/>\n<meta name=\"twitter:site\" content=\"@asso_graie\" \/>\n<meta name=\"twitter:label1\" content=\"\u00c9crit par\" \/>\n\t<meta name=\"twitter:data1\" content=\"Laetitia Bacot\" \/>\n<script type=\"application\/ld+json\" class=\"yoast-schema-graph\">{\"@context\":\"https:\/\/schema.org\",\"@graph\":[{\"@type\":\"Article\",\"@id\":\"https:\/\/asso.graie.org\/portail\/partenaire-journeescientifiquesno2024\/#article\",\"isPartOf\":{\"@id\":\"https:\/\/asso.graie.org\/portail\/partenaire-journeescientifiquesno2024\/\"},\"author\":{\"name\":\"Laetitia Bacot\",\"@id\":\"https:\/\/asso.graie.org\/portail\/#\/schema\/person\/32d8e579e7571258fa5a8d6575f1da6b\"},\"headline\":\"SNO | 4\u00e8mes Journ\u00e9es Scientifiques du SNO Observil |13 ET 14 JUIN 2024 &#8211; INSA LYON\",\"datePublished\":\"2024-04-25T08:21:40+00:00\",\"dateModified\":\"2024-04-25T08:30:06+00:00\",\"mainEntityOfPage\":{\"@id\":\"https:\/\/asso.graie.org\/portail\/partenaire-journeescientifiquesno2024\/\"},\"wordCount\":75,\"publisher\":{\"@id\":\"https:\/\/asso.graie.org\/portail\/#organization\"},\"keywords\":[\"h2o\",\"h2o'lyon\",\"Lyon\",\"partenaire\",\"programme\",\"semaine de l'eau\"],\"articleSection\":[\"Actualit\u00e9s partenaires\",\"Toute l'actualit\u00e9\"],\"inLanguage\":\"fr-FR\"},{\"@type\":\"WebPage\",\"@id\":\"https:\/\/asso.graie.org\/portail\/partenaire-journeescientifiquesno2024\/\",\"url\":\"https:\/\/asso.graie.org\/portail\/partenaire-journeescientifiquesno2024\/\",\"name\":\"SNO | 4\u00e8mes Journ\u00e9es Scientifiques du SNO Observil |13 ET 14 JUIN 2024 - INSA LYON | Graie\",\"isPartOf\":{\"@id\":\"https:\/\/asso.graie.org\/portail\/#website\"},\"datePublished\":\"2024-04-25T08:21:40+00:00\",\"dateModified\":\"2024-04-25T08:30:06+00:00\",\"description\":\"Le Service National d'Observation (SNO) Observil, labellis\u00e9 par le CNRS INSU en 2020, organise pour la 4\u00e8me ann\u00e9e cons\u00e9cutive ses Journ\u00e9es Scientifiques les jeudi 13 et vendredi 14 juin 2024, \u00e0 l'INSA de Lyon en partenariat avec l'Othu. ( SEMINAIRE RESTREINT 30 PLACES de mise en relation des observatoires membres et de leurs pilotes - 5 places par observatoires )\",\"breadcrumb\":{\"@id\":\"https:\/\/asso.graie.org\/portail\/partenaire-journeescientifiquesno2024\/#breadcrumb\"},\"inLanguage\":\"fr-FR\",\"potentialAction\":[{\"@type\":\"ReadAction\",\"target\":[\"https:\/\/asso.graie.org\/portail\/partenaire-journeescientifiquesno2024\/\"]}]},{\"@type\":\"BreadcrumbList\",\"@id\":\"https:\/\/asso.graie.org\/portail\/partenaire-journeescientifiquesno2024\/#breadcrumb\",\"itemListElement\":[{\"@type\":\"ListItem\",\"position\":1,\"name\":\"Accueil\",\"item\":\"https:\/\/asso.graie.org\/portail\/\"},{\"@type\":\"ListItem\",\"position\":2,\"name\":\"SNO | 4\u00e8mes Journ\u00e9es Scientifiques du SNO Observil |13 ET 14 JUIN 2024 &#8211; INSA LYON\"}]},{\"@type\":\"WebSite\",\"@id\":\"https:\/\/asso.graie.org\/portail\/#website\",\"url\":\"https:\/\/asso.graie.org\/portail\/\",\"name\":\"Graie\",\"description\":\"P\u00f4le Eau et Territoires\",\"publisher\":{\"@id\":\"https:\/\/asso.graie.org\/portail\/#organization\"},\"potentialAction\":[{\"@type\":\"SearchAction\",\"target\":{\"@type\":\"EntryPoint\",\"urlTemplate\":\"https:\/\/asso.graie.org\/portail\/?s={search_term_string}\"},\"query-input\":\"required name=search_term_string\"}],\"inLanguage\":\"fr-FR\"},{\"@type\":\"Organization\",\"@id\":\"https:\/\/asso.graie.org\/portail\/#organization\",\"name\":\"Le Graie\",\"url\":\"https:\/\/asso.graie.org\/portail\/\",\"logo\":{\"@type\":\"ImageObject\",\"inLanguage\":\"fr-FR\",\"@id\":\"https:\/\/asso.graie.org\/portail\/#\/schema\/logo\/image\/\",\"url\":\"https:\/\/asso.graie.org\/portail\/wp-content\/uploads\/2021\/12\/Logotype-Graie.png\",\"contentUrl\":\"https:\/\/asso.graie.org\/portail\/wp-content\/uploads\/2021\/12\/Logotype-Graie.png\",\"width\":1890,\"height\":1181,\"caption\":\"Le Graie\"},\"image\":{\"@id\":\"https:\/\/asso.graie.org\/portail\/#\/schema\/logo\/image\/\"},\"sameAs\":[\"https:\/\/fr.linkedin.com\/company\/graie?trk=top_nav_home\",\"https:\/\/www.youtube.com\/channel\/UCZQk0Tt7upYwERYNdDIZqLQ\",\"https:\/\/twitter.com\/asso_graie\"]},{\"@type\":\"Person\",\"@id\":\"https:\/\/asso.graie.org\/portail\/#\/schema\/person\/32d8e579e7571258fa5a8d6575f1da6b\",\"name\":\"Laetitia Bacot\",\"url\":\"https:\/\/asso.graie.org\/portail\/author\/laetitiabacot\/\"}]}<\/script>\n<!-- \/ Yoast SEO plugin. -->","yoast_head_json":{"title":"SNO | 4\u00e8mes Journ\u00e9es Scientifiques du SNO Observil |13 ET 14 JUIN 2024 - INSA LYON | Graie","description":"Le Service National d'Observation (SNO) Observil, labellis\u00e9 par le CNRS INSU en 2020, organise pour la 4\u00e8me ann\u00e9e cons\u00e9cutive ses Journ\u00e9es Scientifiques les jeudi 13 et vendredi 14 juin 2024, \u00e0 l'INSA de Lyon en partenariat avec l'Othu. ( SEMINAIRE RESTREINT 30 PLACES de mise en relation des observatoires membres et de leurs pilotes - 5 places par observatoires )","robots":{"index":"index","follow":"follow","max-snippet":"max-snippet:-1","max-image-preview":"max-image-preview:large","max-video-preview":"max-video-preview:-1"},"canonical":"https:\/\/asso.graie.org\/portail\/partenaire-journeescientifiquesno2024\/","og_locale":"fr_FR","og_type":"article","og_title":"SNO | 4\u00e8mes Journ\u00e9es Scientifiques du SNO Observil |13 ET 14 JUIN 2024 - INSA LYON | Graie","og_description":"Le Service National d'Observation (SNO) Observil, labellis\u00e9 par le CNRS INSU en 2020, organise pour la 4\u00e8me ann\u00e9e cons\u00e9cutive ses Journ\u00e9es Scientifiques les jeudi 13 et vendredi 14 juin 2024, \u00e0 l'INSA de Lyon en partenariat avec l'Othu. ( SEMINAIRE RESTREINT 30 PLACES de mise en relation des observatoires membres et de leurs pilotes - 5 places par observatoires )","og_url":"https:\/\/asso.graie.org\/portail\/partenaire-journeescientifiquesno2024\/","og_site_name":"Graie","article_published_time":"2024-04-25T08:21:40+00:00","article_modified_time":"2024-04-25T08:30:06+00:00","og_image":[{"width":500,"height":404,"url":"https:\/\/asso.graie.org\/portail\/wp-content\/uploads\/2024\/04\/sno2-e1714033762284.png","type":"image\/png"}],"author":"Laetitia Bacot","twitter_card":"summary_large_image","twitter_creator":"@asso_graie","twitter_site":"@asso_graie","twitter_misc":{"\u00c9crit par":"Laetitia Bacot"},"schema":{"@context":"https:\/\/schema.org","@graph":[{"@type":"Article","@id":"https:\/\/asso.graie.org\/portail\/partenaire-journeescientifiquesno2024\/#article","isPartOf":{"@id":"https:\/\/asso.graie.org\/portail\/partenaire-journeescientifiquesno2024\/"},"author":{"name":"Laetitia Bacot","@id":"https:\/\/asso.graie.org\/portail\/#\/schema\/person\/32d8e579e7571258fa5a8d6575f1da6b"},"headline":"SNO | 4\u00e8mes Journ\u00e9es Scientifiques du SNO Observil |13 ET 14 JUIN 2024 &#8211; INSA LYON","datePublished":"2024-04-25T08:21:40+00:00","dateModified":"2024-04-25T08:30:06+00:00","mainEntityOfPage":{"@id":"https:\/\/asso.graie.org\/portail\/partenaire-journeescientifiquesno2024\/"},"wordCount":75,"publisher":{"@id":"https:\/\/asso.graie.org\/portail\/#organization"},"keywords":["h2o","h2o'lyon","Lyon","partenaire","programme","semaine de l'eau"],"articleSection":["Actualit\u00e9s partenaires","Toute l'actualit\u00e9"],"inLanguage":"fr-FR"},{"@type":"WebPage","@id":"https:\/\/asso.graie.org\/portail\/partenaire-journeescientifiquesno2024\/","url":"https:\/\/asso.graie.org\/portail\/partenaire-journeescientifiquesno2024\/","name":"SNO | 4\u00e8mes Journ\u00e9es Scientifiques du SNO Observil |13 ET 14 JUIN 2024 - INSA LYON | Graie","isPartOf":{"@id":"https:\/\/asso.graie.org\/portail\/#website"},"datePublished":"2024-04-25T08:21:40+00:00","dateModified":"2024-04-25T08:30:06+00:00","description":"Le Service National d'Observation (SNO) Observil, labellis\u00e9 par le CNRS INSU en 2020, organise pour la 4\u00e8me ann\u00e9e cons\u00e9cutive ses Journ\u00e9es Scientifiques les jeudi 13 et vendredi 14 juin 2024, \u00e0 l'INSA de Lyon en partenariat avec l'Othu. ( SEMINAIRE RESTREINT 30 PLACES de mise en relation des observatoires membres et de leurs pilotes - 5 places par observatoires )","breadcrumb":{"@id":"https:\/\/asso.graie.org\/portail\/partenaire-journeescientifiquesno2024\/#breadcrumb"},"inLanguage":"fr-FR","potentialAction":[{"@type":"ReadAction","target":["https:\/\/asso.graie.org\/portail\/partenaire-journeescientifiquesno2024\/"]}]},{"@type":"BreadcrumbList","@id":"https:\/\/asso.graie.org\/portail\/partenaire-journeescientifiquesno2024\/#breadcrumb","itemListElement":[{"@type":"ListItem","position":1,"name":"Accueil","item":"https:\/\/asso.graie.org\/portail\/"},{"@type":"ListItem","position":2,"name":"SNO | 4\u00e8mes Journ\u00e9es Scientifiques du SNO Observil |13 ET 14 JUIN 2024 &#8211; INSA LYON"}]},{"@type":"WebSite","@id":"https:\/\/asso.graie.org\/portail\/#website","url":"https:\/\/asso.graie.org\/portail\/","name":"Graie","description":"P\u00f4le Eau et Territoires","publisher":{"@id":"https:\/\/asso.graie.org\/portail\/#organization"},"potentialAction":[{"@type":"SearchAction","target":{"@type":"EntryPoint","urlTemplate":"https:\/\/asso.graie.org\/portail\/?s={search_term_string}"},"query-input":"required name=search_term_string"}],"inLanguage":"fr-FR"},{"@type":"Organization","@id":"https:\/\/asso.graie.org\/portail\/#organization","name":"Le Graie","url":"https:\/\/asso.graie.org\/portail\/","logo":{"@type":"ImageObject","inLanguage":"fr-FR","@id":"https:\/\/asso.graie.org\/portail\/#\/schema\/logo\/image\/","url":"https:\/\/asso.graie.org\/portail\/wp-content\/uploads\/2021\/12\/Logotype-Graie.png","contentUrl":"https:\/\/asso.graie.org\/portail\/wp-content\/uploads\/2021\/12\/Logotype-Graie.png","width":1890,"height":1181,"caption":"Le Graie"},"image":{"@id":"https:\/\/asso.graie.org\/portail\/#\/schema\/logo\/image\/"},"sameAs":["https:\/\/fr.linkedin.com\/company\/graie?trk=top_nav_home","https:\/\/www.youtube.com\/channel\/UCZQk0Tt7upYwERYNdDIZqLQ","https:\/\/twitter.com\/asso_graie"]},{"@type":"Person","@id":"https:\/\/asso.graie.org\/portail\/#\/schema\/person\/32d8e579e7571258fa5a8d6575f1da6b","name":"Laetitia Bacot","url":"https:\/\/asso.graie.org\/portail\/author\/laetitiabacot\/"}]}},"_links":{"self":[{"href":"https:\/\/asso.graie.org\/portail\/wp-json\/wp\/v2\/posts\/25882"}],"collection":[{"href":"https:\/\/asso.graie.org\/portail\/wp-json\/wp\/v2\/posts"}],"about":[{"href":"https:\/\/asso.graie.org\/portail\/wp-json\/wp\/v2\/types\/post"}],"author":[{"embeddable":true,"href":"https:\/\/asso.graie.org\/portail\/wp-json\/wp\/v2\/users\/9"}],"replies":[{"embeddable":true,"href":"https:\/\/asso.graie.org\/portail\/wp-json\/wp\/v2\/comments?post=25882"}],"version-history":[{"count":3,"href":"https:\/\/asso.graie.org\/portail\/wp-json\/wp\/v2\/posts\/25882\/revisions"}],"predecessor-version":[{"id":25888,"href":"https:\/\/asso.graie.org\/portail\/wp-json\/wp\/v2\/posts\/25882\/revisions\/25888"}],"wp:featuredmedia":[{"embeddable":true,"href":"https:\/\/asso.graie.org\/portail\/wp-json\/wp\/v2\/media\/25887"}],"wp:attachment":[{"href":"https:\/\/asso.graie.org\/portail\/wp-json\/wp\/v2\/media?parent=25882"}],"wp:term":[{"taxonomy":"category","embeddable":true,"href":"https:\/\/asso.graie.org\/portail\/wp-json\/wp\/v2\/categories?post=25882"},{"taxonomy":"post_tag","embeddable":true,"href":"https:\/\/asso.graie.org\/portail\/wp-json\/wp\/v2\/tags?post=25882"}],"curies":[{"name":"wp","href":"https:\/\/api.w.org\/{rel}","templated":true}]}}