{"id":28304,"date":"2025-07-09T09:19:03","date_gmt":"2025-07-09T07:19:03","guid":{"rendered":"https:\/\/asso.graie.org\/portail\/?p=28304"},"modified":"2025-07-09T11:19:14","modified_gmt":"2025-07-09T09:19:14","slug":"programme-ocapi-colloque","status":"publish","type":"post","link":"https:\/\/asso.graie.org\/portail\/programme-ocapi-colloque\/","title":{"rendered":"Programme OCAPI : Colloque"},"content":{"rendered":"\n<div style=\"height:60px\" aria-hidden=\"true\" class=\"wp-block-spacer\"><\/div>\n\n\n\n<h2 class=\"wp-block-heading has-text-align-center\">Colloque sur la s\u00e9paration \u00e0 la source et la valorisation agricole des excr\u00e9tats humains<\/h2>\n\n\n\n<div style=\"height:60px\" aria-hidden=\"true\" class=\"wp-block-spacer\"><\/div>\n\n\n\n<hr class=\"wp-block-separator has-alpha-channel-opacity\"\/>\n\n\n\n<div style=\"height:40px\" aria-hidden=\"true\" class=\"wp-block-spacer\"><\/div>\n\n\n\n<p class=\"has-text-align-center\"><strong>Date : du 17 au 19 septembre 2025<\/strong><\/p>\n\n\n\n<p class=\"has-text-align-center\"><strong>Lieu : \u00c9cole nationale des ponts et chauss\u00e9es<\/strong><\/p>\n\n\n\n<div style=\"height:40px\" aria-hidden=\"true\" class=\"wp-block-spacer\"><\/div>\n\n\n\n<hr class=\"wp-block-separator has-alpha-channel-opacity\"\/>\n\n\n\n<div style=\"height:60px\" aria-hidden=\"true\" class=\"wp-block-spacer\"><\/div>\n\n\n\n<p>Pour c\u00e9l\u00e9brer ses 10 ann\u00e9es d&rsquo;existence, le programme OCAPI (LEESU, ENPC) organise un&nbsp;<strong>colloque national, d\u00e9di\u00e9 \u00e0 tout public, sur la s\u00e9paration \u00e0 la source et la valorisation agricole des excr\u00e9tats humains<\/strong>&nbsp;(urines et mati\u00e8res f\u00e9cales) et sur les possibilit\u00e9s de changement d&rsquo;\u00e9chelle dans leur d\u00e9ploiement. Pour celles et ceux qui n&rsquo;avaient pas encore re\u00e7u l&rsquo;invitation, vous \u00eates les bienvenus pour y assister,&nbsp;<strong>du&nbsp;17 au 19 septembre \u00e0 l&rsquo;\u00c9cole nationale des ponts et chauss\u00e9es.&nbsp;<\/strong><\/p>\n\n\n\n<div style=\"height:60px\" aria-hidden=\"true\" class=\"wp-block-spacer\"><\/div>\n\n\n\n<div class=\"wp-block-buttons is-content-justification-center is-layout-flex wp-container-1 wp-block-buttons-is-layout-flex\">\n<div class=\"wp-block-button\"><a class=\"wp-block-button__link has-white-color has-vivid-cyan-blue-background-color has-text-color has-background wp-element-button\" href=\"https:\/\/10-ans-ocapi.sciencesconf.org\/\"><strong>Programme et inscription<\/strong><\/a><\/div>\n<\/div>\n\n\n\n<div style=\"height:60px\" aria-hidden=\"true\" class=\"wp-block-spacer\"><\/div>\n\n\n\n<h3 class=\"wp-block-heading\">Pour qui ?<\/h3>\n\n\n\n<div style=\"height:40px\" aria-hidden=\"true\" class=\"wp-block-spacer\"><\/div>\n\n\n\n<p><br>Que vous connaissiez le sujet ou non, ce colloque est con\u00e7u pour permettre \u00e0 toutes et tous de s&rsquo;approprier les grands enjeux de la valorisation agricole des excr\u00e9tats humains et de d\u00e9battre sur les possibilit\u00e9s de changement d&rsquo;\u00e9chelle. Que vous soyez une collectivit\u00e9, un\u00b7e chercheur\u00b7e, am\u00e9nageur\u00b7e, une entreprise, un particulier, un\u00b7e \u00e9tudiant\u00b7e, un\u00b7e journaliste, une association, une administration, etc. nous vous attendons nombreux\u00b7ses.<\/p>\n\n\n\n<div style=\"height:50px\" aria-hidden=\"true\" class=\"wp-block-spacer\"><\/div>\n\n\n\n<h3 class=\"wp-block-heading\">Au programme :<\/h3>\n\n\n\n<div style=\"height:40px\" aria-hidden=\"true\" class=\"wp-block-spacer\"><\/div>\n\n\n\n<p>Urbanisme, agriculture, sant\u00e9, savoirs et imaginaires, proc\u00e9d\u00e9s de traitement, vision syst\u00e9mique, histoire, usages, prospective, etc. : le sujet sera abord\u00e9 sous tous ses angles lors de&nbsp;<strong>s\u00e9ances pl\u00e9ni\u00e8res<\/strong>&nbsp;et de&nbsp;<strong>sessions parall\u00e8les&nbsp;<\/strong>qui mettront en dialogue des acteurs vari\u00e9s (scientifiques, op\u00e9rationnels, artistes, etc.).<\/p>\n\n\n\n<div style=\"height:30px\" aria-hidden=\"true\" class=\"wp-block-spacer\"><\/div>\n\n\n\n<p>Une&nbsp;<strong>approche artistique<\/strong>&nbsp;sera \u00e9galement propos\u00e9e, avec une exposition interactive sur l&rsquo;azote tout au long du colloque et un atelier d&rsquo;\u00e9criture.<\/p>\n\n\n\n<div style=\"height:30px\" aria-hidden=\"true\" class=\"wp-block-spacer\"><\/div>\n\n\n\n<p>Un&nbsp;<strong>atelier collaboratif \u00ab\u00a0Des toilettes aux champs\u00a0\u00bb<\/strong>&nbsp;et&nbsp;<strong>huit visites de sites<\/strong>&nbsp;seront organis\u00e9s en Ile-de-France : collecte et traitement d&rsquo;urines \u00e0 l&rsquo;\u00e9chelle d&rsquo;un b\u00e2timent et d&rsquo;un quartier, ferme qui exp\u00e9rimente l&rsquo;\u00e9pandage d&rsquo;urinofertilisants, points d&rsquo;apport volontaire d&rsquo;urine, concentrateur d&rsquo;urines par cong\u00e9lation, toilettes s\u00e8ches \u00e0 compostage dans un centre de loisirs, etc.<\/p>\n\n\n\n<div style=\"height:30px\" aria-hidden=\"true\" class=\"wp-block-spacer\"><\/div>\n\n\n\n<p>Sans oublier les\u00a0<strong>soir\u00e9es conviviales<\/strong>\u00a0et la possibilit\u00e9 d&rsquo;une mise en pratique tout au long de l&rsquo;\u00e9v\u00e9nement avec la\u00a0<strong>mise \u00e0 disposition d&rsquo;une toilette s\u00e8che unitaire et d&rsquo;un urinoir mixte sans eau<\/strong>\u00a0!<\/p>\n\n\n\n<div style=\"height:30px\" aria-hidden=\"true\" class=\"wp-block-spacer\"><\/div>\n\n\n\n<p><strong><mark style=\"background-color:rgba(0, 0, 0, 0)\" class=\"has-inline-color has-vivid-cyan-blue-color\">Inscrivez-vous\u00a0!<br><\/mark><\/strong><br>Les inscriptions sont ouvertes jusqu&rsquo;au 5 septembre. Le nombre d&rsquo;inscrit\u00b7e\u00b7s est limit\u00e9, en particulier pour les visites de sites, ne tardez pas \u00e0 prendre vos places !\u00a0<\/p>\n\n\n\n<p>Pour plus d&rsquo;informations et vous inscrire :&nbsp;<a href=\"https:\/\/mibc-fr-09.mailinblack.com\/securelink\/?url=https:\/\/10-ans-ocapi.sciencesconf.org&amp;key=eyJsYW5nIjoiRlIiLCJ1cmwiOiJodHRwczovLzEwLWFucy1vY2FwaS5zY2llbmNlc2NvbmYub3JnIiwidG9rZW4iOiJnQUFBQUFCb1ozaXlOU3FqWVB3V1lHa0MzZGNRaTVxSVFrY2Nzejg4dVlscXVGRUlwbzQ4RVhsb3Zic290eGJIYVRMN19QanhZS0pHa2g5QXVJUjNFNExTVWFoQy1JVFhoQk5rT2ZkY3BTankyelN6d051aXNGTWYtLWpXUmgzQWZjbVZkX25WeHBsRVRzNkJyajVtS1VYaTNqTzFBUnU1YlJiMHEwTjBTNml1cC15anVaeE%20ltakxJS3pxcVhXaEtoajZ%20nVzc2ODRvVUdxME1LcFQyZ2dCZ1BZQTJKZ2N4RmdOTmtZdDNMai1OSXJXbU9icDViWm91b0ZYRVBZUkh6cUZlbTZCblVnVWJZRXRXMzNqZTZ2SzhoaWFWcVdmbUszSHJkVDJsODVyZ3NDQkJnaW5yRU1ERGdmX1ppckFXamtHLVZjUmZTdko1XyJ9\">https:\/\/10-ans-ocapi.sciencesconf.org<\/a>.<\/p>\n\n\n\n<div style=\"height:60px\" aria-hidden=\"true\" class=\"wp-block-spacer\"><\/div>\n\n\n\n<p>Soutiens<\/p>\n\n\n\n<p>Ce colloque est organis\u00e9 avec le soutien de l&rsquo;Agence de l&rsquo;Eau Seine Normandie et de l&rsquo;Agence de la transition \u00e9cologique (ADEME).<\/p>\n","protected":false},"excerpt":{"rendered":"<p>Colloque sur la s\u00e9paration \u00e0 la source et la valorisation agricole des excr\u00e9tats humains Date : du 17 au 19 septembre 2025 Lieu : \u00c9cole nationale des ponts et chauss\u00e9es Pour c\u00e9l\u00e9brer ses 10 ann\u00e9es d&rsquo;existence, le programme OCAPI (LEESU, &hellip;<\/p>\n","protected":false},"author":16,"featured_media":0,"comment_status":"closed","ping_status":"closed","sticky":false,"template":"","format":"standard","meta":{"_mi_skip_tracking":false,"footnotes":""},"categories":[27],"tags":[],"acf":[],"yoast_head":"<!-- This site is optimized with the Yoast SEO plugin v19.13 - https:\/\/yoast.com\/wordpress\/plugins\/seo\/ -->\n<title>Programme OCAPI : Colloque | Graie<\/title>\n<meta name=\"robots\" content=\"index, follow, max-snippet:-1, max-image-preview:large, max-video-preview:-1\" \/>\n<link rel=\"canonical\" href=\"https:\/\/asso.graie.org\/portail\/programme-ocapi-colloque\/\" \/>\n<meta property=\"og:locale\" content=\"fr_FR\" \/>\n<meta property=\"og:type\" content=\"article\" \/>\n<meta property=\"og:title\" content=\"Programme OCAPI : Colloque | Graie\" \/>\n<meta property=\"og:description\" content=\"Colloque sur la s\u00e9paration \u00e0 la source et la valorisation agricole des excr\u00e9tats humains Date : du 17 au 19 septembre 2025 Lieu : \u00c9cole nationale des ponts et chauss\u00e9es Pour c\u00e9l\u00e9brer ses 10 ann\u00e9es d&rsquo;existence, le programme OCAPI (LEESU, &hellip;\" \/>\n<meta property=\"og:url\" content=\"https:\/\/asso.graie.org\/portail\/programme-ocapi-colloque\/\" \/>\n<meta property=\"og:site_name\" content=\"Graie\" \/>\n<meta property=\"article:published_time\" content=\"2025-07-09T07:19:03+00:00\" \/>\n<meta property=\"article:modified_time\" content=\"2025-07-09T09:19:14+00:00\" \/>\n<meta name=\"author\" content=\"Maureen Carpentier\" \/>\n<meta name=\"twitter:card\" content=\"summary_large_image\" \/>\n<meta name=\"twitter:creator\" content=\"@asso_graie\" \/>\n<meta name=\"twitter:site\" content=\"@asso_graie\" \/>\n<meta name=\"twitter:label1\" content=\"\u00c9crit par\" \/>\n\t<meta name=\"twitter:data1\" content=\"Maureen Carpentier\" \/>\n\t<meta name=\"twitter:label2\" content=\"Dur\u00e9e de lecture estim\u00e9e\" \/>\n\t<meta name=\"twitter:data2\" content=\"2 minutes\" \/>\n<script type=\"application\/ld+json\" class=\"yoast-schema-graph\">{\"@context\":\"https:\/\/schema.org\",\"@graph\":[{\"@type\":\"Article\",\"@id\":\"https:\/\/asso.graie.org\/portail\/programme-ocapi-colloque\/#article\",\"isPartOf\":{\"@id\":\"https:\/\/asso.graie.org\/portail\/programme-ocapi-colloque\/\"},\"author\":{\"name\":\"Maureen Carpentier\",\"@id\":\"https:\/\/asso.graie.org\/portail\/#\/schema\/person\/486e14d091ff09d12f2b31bad560eb4f\"},\"headline\":\"Programme OCAPI : Colloque\",\"datePublished\":\"2025-07-09T07:19:03+00:00\",\"dateModified\":\"2025-07-09T09:19:14+00:00\",\"mainEntityOfPage\":{\"@id\":\"https:\/\/asso.graie.org\/portail\/programme-ocapi-colloque\/\"},\"wordCount\":434,\"publisher\":{\"@id\":\"https:\/\/asso.graie.org\/portail\/#organization\"},\"articleSection\":[\"Actualit\u00e9s partenaires\"],\"inLanguage\":\"fr-FR\"},{\"@type\":\"WebPage\",\"@id\":\"https:\/\/asso.graie.org\/portail\/programme-ocapi-colloque\/\",\"url\":\"https:\/\/asso.graie.org\/portail\/programme-ocapi-colloque\/\",\"name\":\"Programme OCAPI : Colloque | Graie\",\"isPartOf\":{\"@id\":\"https:\/\/asso.graie.org\/portail\/#website\"},\"datePublished\":\"2025-07-09T07:19:03+00:00\",\"dateModified\":\"2025-07-09T09:19:14+00:00\",\"breadcrumb\":{\"@id\":\"https:\/\/asso.graie.org\/portail\/programme-ocapi-colloque\/#breadcrumb\"},\"inLanguage\":\"fr-FR\",\"potentialAction\":[{\"@type\":\"ReadAction\",\"target\":[\"https:\/\/asso.graie.org\/portail\/programme-ocapi-colloque\/\"]}]},{\"@type\":\"BreadcrumbList\",\"@id\":\"https:\/\/asso.graie.org\/portail\/programme-ocapi-colloque\/#breadcrumb\",\"itemListElement\":[{\"@type\":\"ListItem\",\"position\":1,\"name\":\"Accueil\",\"item\":\"https:\/\/asso.graie.org\/portail\/\"},{\"@type\":\"ListItem\",\"position\":2,\"name\":\"Programme OCAPI : Colloque\"}]},{\"@type\":\"WebSite\",\"@id\":\"https:\/\/asso.graie.org\/portail\/#website\",\"url\":\"https:\/\/asso.graie.org\/portail\/\",\"name\":\"Graie\",\"description\":\"P\u00f4le Eau et Territoires\",\"publisher\":{\"@id\":\"https:\/\/asso.graie.org\/portail\/#organization\"},\"potentialAction\":[{\"@type\":\"SearchAction\",\"target\":{\"@type\":\"EntryPoint\",\"urlTemplate\":\"https:\/\/asso.graie.org\/portail\/?s={search_term_string}\"},\"query-input\":\"required name=search_term_string\"}],\"inLanguage\":\"fr-FR\"},{\"@type\":\"Organization\",\"@id\":\"https:\/\/asso.graie.org\/portail\/#organization\",\"name\":\"Le Graie\",\"url\":\"https:\/\/asso.graie.org\/portail\/\",\"logo\":{\"@type\":\"ImageObject\",\"inLanguage\":\"fr-FR\",\"@id\":\"https:\/\/asso.graie.org\/portail\/#\/schema\/logo\/image\/\",\"url\":\"https:\/\/asso.graie.org\/portail\/wp-content\/uploads\/2021\/12\/Logotype-Graie.png\",\"contentUrl\":\"https:\/\/asso.graie.org\/portail\/wp-content\/uploads\/2021\/12\/Logotype-Graie.png\",\"width\":1890,\"height\":1181,\"caption\":\"Le Graie\"},\"image\":{\"@id\":\"https:\/\/asso.graie.org\/portail\/#\/schema\/logo\/image\/\"},\"sameAs\":[\"https:\/\/fr.linkedin.com\/company\/graie?trk=top_nav_home\",\"https:\/\/www.youtube.com\/channel\/UCZQk0Tt7upYwERYNdDIZqLQ\",\"https:\/\/twitter.com\/asso_graie\"]},{\"@type\":\"Person\",\"@id\":\"https:\/\/asso.graie.org\/portail\/#\/schema\/person\/486e14d091ff09d12f2b31bad560eb4f\",\"name\":\"Maureen Carpentier\",\"url\":\"https:\/\/asso.graie.org\/portail\/author\/juliettecasanova\/\"}]}<\/script>\n<!-- \/ Yoast SEO plugin. -->","yoast_head_json":{"title":"Programme OCAPI : Colloque | Graie","robots":{"index":"index","follow":"follow","max-snippet":"max-snippet:-1","max-image-preview":"max-image-preview:large","max-video-preview":"max-video-preview:-1"},"canonical":"https:\/\/asso.graie.org\/portail\/programme-ocapi-colloque\/","og_locale":"fr_FR","og_type":"article","og_title":"Programme OCAPI : Colloque | Graie","og_description":"Colloque sur la s\u00e9paration \u00e0 la source et la valorisation agricole des excr\u00e9tats humains Date : du 17 au 19 septembre 2025 Lieu : \u00c9cole nationale des ponts et chauss\u00e9es Pour c\u00e9l\u00e9brer ses 10 ann\u00e9es d&rsquo;existence, le programme OCAPI (LEESU, &hellip;","og_url":"https:\/\/asso.graie.org\/portail\/programme-ocapi-colloque\/","og_site_name":"Graie","article_published_time":"2025-07-09T07:19:03+00:00","article_modified_time":"2025-07-09T09:19:14+00:00","author":"Maureen Carpentier","twitter_card":"summary_large_image","twitter_creator":"@asso_graie","twitter_site":"@asso_graie","twitter_misc":{"\u00c9crit par":"Maureen Carpentier","Dur\u00e9e de lecture estim\u00e9e":"2 minutes"},"schema":{"@context":"https:\/\/schema.org","@graph":[{"@type":"Article","@id":"https:\/\/asso.graie.org\/portail\/programme-ocapi-colloque\/#article","isPartOf":{"@id":"https:\/\/asso.graie.org\/portail\/programme-ocapi-colloque\/"},"author":{"name":"Maureen Carpentier","@id":"https:\/\/asso.graie.org\/portail\/#\/schema\/person\/486e14d091ff09d12f2b31bad560eb4f"},"headline":"Programme OCAPI : Colloque","datePublished":"2025-07-09T07:19:03+00:00","dateModified":"2025-07-09T09:19:14+00:00","mainEntityOfPage":{"@id":"https:\/\/asso.graie.org\/portail\/programme-ocapi-colloque\/"},"wordCount":434,"publisher":{"@id":"https:\/\/asso.graie.org\/portail\/#organization"},"articleSection":["Actualit\u00e9s partenaires"],"inLanguage":"fr-FR"},{"@type":"WebPage","@id":"https:\/\/asso.graie.org\/portail\/programme-ocapi-colloque\/","url":"https:\/\/asso.graie.org\/portail\/programme-ocapi-colloque\/","name":"Programme OCAPI : Colloque | Graie","isPartOf":{"@id":"https:\/\/asso.graie.org\/portail\/#website"},"datePublished":"2025-07-09T07:19:03+00:00","dateModified":"2025-07-09T09:19:14+00:00","breadcrumb":{"@id":"https:\/\/asso.graie.org\/portail\/programme-ocapi-colloque\/#breadcrumb"},"inLanguage":"fr-FR","potentialAction":[{"@type":"ReadAction","target":["https:\/\/asso.graie.org\/portail\/programme-ocapi-colloque\/"]}]},{"@type":"BreadcrumbList","@id":"https:\/\/asso.graie.org\/portail\/programme-ocapi-colloque\/#breadcrumb","itemListElement":[{"@type":"ListItem","position":1,"name":"Accueil","item":"https:\/\/asso.graie.org\/portail\/"},{"@type":"ListItem","position":2,"name":"Programme OCAPI : Colloque"}]},{"@type":"WebSite","@id":"https:\/\/asso.graie.org\/portail\/#website","url":"https:\/\/asso.graie.org\/portail\/","name":"Graie","description":"P\u00f4le Eau et Territoires","publisher":{"@id":"https:\/\/asso.graie.org\/portail\/#organization"},"potentialAction":[{"@type":"SearchAction","target":{"@type":"EntryPoint","urlTemplate":"https:\/\/asso.graie.org\/portail\/?s={search_term_string}"},"query-input":"required name=search_term_string"}],"inLanguage":"fr-FR"},{"@type":"Organization","@id":"https:\/\/asso.graie.org\/portail\/#organization","name":"Le Graie","url":"https:\/\/asso.graie.org\/portail\/","logo":{"@type":"ImageObject","inLanguage":"fr-FR","@id":"https:\/\/asso.graie.org\/portail\/#\/schema\/logo\/image\/","url":"https:\/\/asso.graie.org\/portail\/wp-content\/uploads\/2021\/12\/Logotype-Graie.png","contentUrl":"https:\/\/asso.graie.org\/portail\/wp-content\/uploads\/2021\/12\/Logotype-Graie.png","width":1890,"height":1181,"caption":"Le Graie"},"image":{"@id":"https:\/\/asso.graie.org\/portail\/#\/schema\/logo\/image\/"},"sameAs":["https:\/\/fr.linkedin.com\/company\/graie?trk=top_nav_home","https:\/\/www.youtube.com\/channel\/UCZQk0Tt7upYwERYNdDIZqLQ","https:\/\/twitter.com\/asso_graie"]},{"@type":"Person","@id":"https:\/\/asso.graie.org\/portail\/#\/schema\/person\/486e14d091ff09d12f2b31bad560eb4f","name":"Maureen Carpentier","url":"https:\/\/asso.graie.org\/portail\/author\/juliettecasanova\/"}]}},"_links":{"self":[{"href":"https:\/\/asso.graie.org\/portail\/wp-json\/wp\/v2\/posts\/28304"}],"collection":[{"href":"https:\/\/asso.graie.org\/portail\/wp-json\/wp\/v2\/posts"}],"about":[{"href":"https:\/\/asso.graie.org\/portail\/wp-json\/wp\/v2\/types\/post"}],"author":[{"embeddable":true,"href":"https:\/\/asso.graie.org\/portail\/wp-json\/wp\/v2\/users\/16"}],"replies":[{"embeddable":true,"href":"https:\/\/asso.graie.org\/portail\/wp-json\/wp\/v2\/comments?post=28304"}],"version-history":[{"count":6,"href":"https:\/\/asso.graie.org\/portail\/wp-json\/wp\/v2\/posts\/28304\/revisions"}],"predecessor-version":[{"id":28311,"href":"https:\/\/asso.graie.org\/portail\/wp-json\/wp\/v2\/posts\/28304\/revisions\/28311"}],"wp:attachment":[{"href":"https:\/\/asso.graie.org\/portail\/wp-json\/wp\/v2\/media?parent=28304"}],"wp:term":[{"taxonomy":"category","embeddable":true,"href":"https:\/\/asso.graie.org\/portail\/wp-json\/wp\/v2\/categories?post=28304"},{"taxonomy":"post_tag","embeddable":true,"href":"https:\/\/asso.graie.org\/portail\/wp-json\/wp\/v2\/tags?post=28304"}],"curies":[{"name":"wp","href":"https:\/\/api.w.org\/{rel}","templated":true}]}}