{"id":3776,"date":"0202-03-10T17:47:31","date_gmt":"0202-03-10T17:38:10","guid":{"rendered":"https:\/\/asso.graie.org\/portail\/?p=3776"},"modified":"2022-05-23T11:20:01","modified_gmt":"2022-05-23T09:20:01","slug":"assemblee-generale-graie-2021","status":"publish","type":"post","link":"https:\/\/asso.graie.org\/portail\/assemblee-generale-graie-2021\/","title":{"rendered":"Assembl\u00e9e G\u00e9n\u00e9rale du Graie 2021"},"content":{"rendered":"<h3><\/h3>\n<h3 style=\"text-align: center;\">Vous cherchez des informations sur l&rsquo;Assembl\u00e9e G\u00e9n\u00e9rale 2022 ?<\/h3>\n<h3 style=\"text-align: center;\"><a href=\"https:\/\/asso.graie.org\/portail\/assemblee-generale-2022\/\">-&gt; RDV sur cette page !<\/a><\/h3>\n<p>&nbsp;<\/p>\n<p><strong>L&rsquo;assembl\u00e9e g\u00e9n\u00e9rale du Graie<\/strong> s&rsquo;est d\u00e9roul\u00e9e le 8 avril 2021 en visioconf\u00e9rence.<br \/>\nCette assembl\u00e9e g\u00e9n\u00e9rale est l&rsquo;occasion de<strong> rassembler les membres et partenaires de l\u2019association<\/strong>, d&rsquo;avoir un aper\u00e7u (et de se positionner) sur le <strong>bilan<\/strong> et le programme et de discuter des <strong>perspectives<\/strong>.<br \/>\nElle a aussi comme objectif d&rsquo;\u00e9lire ses repr\u00e9sentants au conseil d&rsquo;administration.<\/p>\n<p>&nbsp;<\/p>\n<p>En pr\u00e9alable \u00e0 l&rsquo;ordre du jour statutaire, nous avons toujours plaisir \u00e0 vous faire un apport d&rsquo;information :<\/p>\n<p>&nbsp;<\/p>\n<h2 class=\"text-build-content\" data-testid=\"p_7Z-Gt44\"><strong>Les SDAGE 2022-2027 Rh\u00f4ne-M\u00e9diterran\u00e9e et Loire-Bretagne\u00a0<\/strong><\/h2>\n<p class=\"text-build-content\" data-testid=\"p_7Z-Gt44\">A l&rsquo;occasion de l&rsquo;assembl\u00e9e g\u00e9n\u00e9rale du Graie, nous vous proposions un aper\u00e7u des orientations des prochains SDAGE et programmes de mesures de deux bassins limitrophes : sur le bassin Rh\u00f4ne-M\u00e9diterran\u00e9e, par Julien DUBUIS, sur le bassin Loire-Bretagne, \u00a0par Aymeric DUPONT.<\/p>\n<p data-testid=\"p_7Z-Gt44\">La consultation du public se d\u00e9roule du 1er mars au 1er septembre 2021. Donnez votre avis :<\/p>\n<ul>\n<li data-testid=\"p_7Z-Gt44\">sur le SDAGE Rh\u00f4ne-M\u00e9diterran\u00e9e : <a href=\"http:\/\/www.graie.org\/graie\/graiedoc\/doc_telech\/actesyntheses\/AG21-SDAGE-RM-Graie.pdf\">Pr\u00e9sentation<\/a> &#8211; <a href=\"https:\/\/www.rhone-mediterranee.eaufrance.fr\/consultation-du-public-sur-les-projets-de-sdage-et-de-pgri-2022-2027-du-bassin-rhone-mediterranee\" class=\"broken_link\">Consultation<\/a><\/li>\n<li data-testid=\"p_7Z-Gt44\">sur le SDAGE Loire-Bretagne : <a href=\"http:\/\/www.graie.org\/graie\/graiedoc\/doc_telech\/actesyntheses\/AG21-SDAGE-LB-Graie.pdf\">Pr\u00e9sentation<\/a> &#8211; <a href=\"https:\/\/sdage-sage.eau-loire-bretagne.fr\/home.html\">Consultation<\/a><\/li>\n<\/ul>\n<h2 class=\"text-build-content\" data-testid=\"p_7Z-Gt44\"><strong>Bilan et perspectives de l&rsquo;action du Graie\u00a0<\/strong><\/h2>\n<p class=\"text-build-content\" data-testid=\"p_7Z-Gt44\">L&rsquo;assembl\u00e9e g\u00e9n\u00e9rale est l&rsquo;occasion de vous inviter \u00e0 vous positionner sur les actions men\u00e9es au sein du Graie pour r\u00e9pondre au mieux \u00e0 ses engagements et \u00e0 vos besoins. Au-del\u00e0, nous vous proposons un aper\u00e7u des messages que porte l&rsquo;association et des principaux enseignements des travaux men\u00e9s au cours de l&rsquo;ann\u00e9e pass\u00e9e : pour une gestion int\u00e9gr\u00e9e de l&rsquo;eau, pour le suivi des milieux aquatiques, pour la gestion des eaux pluviales \u00e0 la source, face aux micropolluants et aux plastiques, ou encore sur la place de l&rsquo;eau dans une approche de \u00ab\u00a0Sant\u00e9 unique\u00a0\u00bb. <a href=\"http:\/\/www.graie.org\/graie\/graiedoc\/AG\/PVAG_Graie.pdf\">Consulter le proc\u00e8s verbal de l&rsquo;assembl\u00e9e g\u00e9n\u00e9rale.<\/a><\/p>\n<h2><\/h2>\n<p>&nbsp;<\/p>\n<p>&nbsp;<\/p>\n","protected":false},"excerpt":{"rendered":"<p>Vous cherchez des informations sur l&rsquo;Assembl\u00e9e G\u00e9n\u00e9rale 2022 ? -&gt; RDV sur cette page ! &nbsp; L&rsquo;assembl\u00e9e g\u00e9n\u00e9rale du Graie s&rsquo;est d\u00e9roul\u00e9e le 8 avril 2021 en visioconf\u00e9rence. Cette assembl\u00e9e g\u00e9n\u00e9rale est l&rsquo;occasion de rassembler les membres et partenaires de &hellip;<\/p>\n","protected":false},"author":3,"featured_media":17239,"comment_status":"closed","ping_status":"closed","sticky":false,"template":"","format":"standard","meta":{"_mi_skip_tracking":false,"footnotes":""},"categories":[24,589,28],"tags":[1565,1523,472],"acf":[],"yoast_head":"<!-- This site is optimized with the Yoast SEO plugin v19.13 - https:\/\/yoast.com\/wordpress\/plugins\/seo\/ -->\n<title>Assembl\u00e9e G\u00e9n\u00e9rale du Graie 2021 | Graie<\/title>\n<meta name=\"description\" content=\"L&#039;assembl\u00e9e g\u00e9n\u00e9rale 2021 du Graie s&#039;est d\u00e9roul\u00e9e le 8 avril 2021 en visioconf\u00e9rence.\" \/>\n<meta name=\"robots\" content=\"index, follow, max-snippet:-1, max-image-preview:large, max-video-preview:-1\" \/>\n<link rel=\"canonical\" href=\"https:\/\/asso.graie.org\/portail\/assemblee-generale-graie-2021\/\" \/>\n<meta property=\"og:locale\" content=\"fr_FR\" \/>\n<meta property=\"og:type\" content=\"article\" \/>\n<meta property=\"og:title\" content=\"Assembl\u00e9e G\u00e9n\u00e9rale du Graie 2021 | Graie\" \/>\n<meta property=\"og:description\" content=\"L&#039;assembl\u00e9e g\u00e9n\u00e9rale 2021 du Graie s&#039;est d\u00e9roul\u00e9e le 8 avril 2021 en visioconf\u00e9rence.\" \/>\n<meta property=\"og:url\" content=\"https:\/\/asso.graie.org\/portail\/assemblee-generale-graie-2021\/\" \/>\n<meta property=\"og:site_name\" content=\"Graie\" \/>\n<meta property=\"article:published_time\" content=\"0202-03-10T17:38:10+00:00\" \/>\n<meta property=\"article:modified_time\" content=\"2022-05-23T09:20:01+00:00\" \/>\n<meta property=\"og:image\" content=\"https:\/\/asso.graie.org\/portail\/wp-content\/uploads\/2021\/03\/ville_schuiten.jpg\" \/>\n\t<meta property=\"og:image:width\" content=\"1000\" \/>\n\t<meta property=\"og:image:height\" content=\"225\" \/>\n\t<meta property=\"og:image:type\" content=\"image\/jpeg\" \/>\n<meta name=\"author\" content=\"Laure Dumonte\" \/>\n<meta name=\"twitter:card\" content=\"summary_large_image\" \/>\n<meta name=\"twitter:creator\" content=\"@asso_graie\" \/>\n<meta name=\"twitter:site\" content=\"@asso_graie\" \/>\n<meta name=\"twitter:label1\" content=\"\u00c9crit par\" \/>\n\t<meta name=\"twitter:data1\" content=\"Laure Dumonte\" \/>\n\t<meta name=\"twitter:label2\" content=\"Dur\u00e9e de lecture estim\u00e9e\" \/>\n\t<meta name=\"twitter:data2\" content=\"2 minutes\" \/>\n<script type=\"application\/ld+json\" class=\"yoast-schema-graph\">{\"@context\":\"https:\/\/schema.org\",\"@graph\":[{\"@type\":\"Article\",\"@id\":\"https:\/\/asso.graie.org\/portail\/assemblee-generale-graie-2021\/#article\",\"isPartOf\":{\"@id\":\"https:\/\/asso.graie.org\/portail\/assemblee-generale-graie-2021\/\"},\"author\":{\"name\":\"Laure Dumonte\",\"@id\":\"https:\/\/asso.graie.org\/portail\/#\/schema\/person\/b7fb559684005d59490969faaa8fc42f\"},\"headline\":\"Assembl\u00e9e G\u00e9n\u00e9rale du Graie 2021\",\"datePublished\":\"0202-03-10T17:38:10+00:00\",\"dateModified\":\"2022-05-23T09:20:01+00:00\",\"mainEntityOfPage\":{\"@id\":\"https:\/\/asso.graie.org\/portail\/assemblee-generale-graie-2021\/\"},\"wordCount\":316,\"publisher\":{\"@id\":\"https:\/\/asso.graie.org\/portail\/#organization\"},\"keywords\":[\"Assembl\u00e9e G\u00e9n\u00e9rale\",\"conf\u00e9rence\",\"SDAGE\"],\"articleSection\":[\"Actu Graie\",\"Historique Agenda\",\"Toute l'actualit\u00e9\"],\"inLanguage\":\"fr-FR\"},{\"@type\":\"WebPage\",\"@id\":\"https:\/\/asso.graie.org\/portail\/assemblee-generale-graie-2021\/\",\"url\":\"https:\/\/asso.graie.org\/portail\/assemblee-generale-graie-2021\/\",\"name\":\"Assembl\u00e9e G\u00e9n\u00e9rale du Graie 2021 | Graie\",\"isPartOf\":{\"@id\":\"https:\/\/asso.graie.org\/portail\/#website\"},\"datePublished\":\"0202-03-10T17:38:10+00:00\",\"dateModified\":\"2022-05-23T09:20:01+00:00\",\"description\":\"L'assembl\u00e9e g\u00e9n\u00e9rale 2021 du Graie s'est d\u00e9roul\u00e9e le 8 avril 2021 en visioconf\u00e9rence.\",\"breadcrumb\":{\"@id\":\"https:\/\/asso.graie.org\/portail\/assemblee-generale-graie-2021\/#breadcrumb\"},\"inLanguage\":\"fr-FR\",\"potentialAction\":[{\"@type\":\"ReadAction\",\"target\":[\"https:\/\/asso.graie.org\/portail\/assemblee-generale-graie-2021\/\"]}]},{\"@type\":\"BreadcrumbList\",\"@id\":\"https:\/\/asso.graie.org\/portail\/assemblee-generale-graie-2021\/#breadcrumb\",\"itemListElement\":[{\"@type\":\"ListItem\",\"position\":1,\"name\":\"Accueil\",\"item\":\"https:\/\/asso.graie.org\/portail\/\"},{\"@type\":\"ListItem\",\"position\":2,\"name\":\"Assembl\u00e9e G\u00e9n\u00e9rale du Graie 2021\"}]},{\"@type\":\"WebSite\",\"@id\":\"https:\/\/asso.graie.org\/portail\/#website\",\"url\":\"https:\/\/asso.graie.org\/portail\/\",\"name\":\"Graie\",\"description\":\"P\u00f4le Eau et Territoires\",\"publisher\":{\"@id\":\"https:\/\/asso.graie.org\/portail\/#organization\"},\"potentialAction\":[{\"@type\":\"SearchAction\",\"target\":{\"@type\":\"EntryPoint\",\"urlTemplate\":\"https:\/\/asso.graie.org\/portail\/?s={search_term_string}\"},\"query-input\":\"required name=search_term_string\"}],\"inLanguage\":\"fr-FR\"},{\"@type\":\"Organization\",\"@id\":\"https:\/\/asso.graie.org\/portail\/#organization\",\"name\":\"Le Graie\",\"url\":\"https:\/\/asso.graie.org\/portail\/\",\"logo\":{\"@type\":\"ImageObject\",\"inLanguage\":\"fr-FR\",\"@id\":\"https:\/\/asso.graie.org\/portail\/#\/schema\/logo\/image\/\",\"url\":\"https:\/\/asso.graie.org\/portail\/wp-content\/uploads\/2021\/12\/Logotype-Graie.png\",\"contentUrl\":\"https:\/\/asso.graie.org\/portail\/wp-content\/uploads\/2021\/12\/Logotype-Graie.png\",\"width\":1890,\"height\":1181,\"caption\":\"Le Graie\"},\"image\":{\"@id\":\"https:\/\/asso.graie.org\/portail\/#\/schema\/logo\/image\/\"},\"sameAs\":[\"https:\/\/fr.linkedin.com\/company\/graie?trk=top_nav_home\",\"https:\/\/www.youtube.com\/channel\/UCZQk0Tt7upYwERYNdDIZqLQ\",\"https:\/\/twitter.com\/asso_graie\"]},{\"@type\":\"Person\",\"@id\":\"https:\/\/asso.graie.org\/portail\/#\/schema\/person\/b7fb559684005d59490969faaa8fc42f\",\"name\":\"Laure Dumonte\",\"url\":\"https:\/\/asso.graie.org\/portail\/author\/sarahscarrott\/\"}]}<\/script>\n<!-- \/ Yoast SEO plugin. -->","yoast_head_json":{"title":"Assembl\u00e9e G\u00e9n\u00e9rale du Graie 2021 | Graie","description":"L'assembl\u00e9e g\u00e9n\u00e9rale 2021 du Graie s'est d\u00e9roul\u00e9e le 8 avril 2021 en visioconf\u00e9rence.","robots":{"index":"index","follow":"follow","max-snippet":"max-snippet:-1","max-image-preview":"max-image-preview:large","max-video-preview":"max-video-preview:-1"},"canonical":"https:\/\/asso.graie.org\/portail\/assemblee-generale-graie-2021\/","og_locale":"fr_FR","og_type":"article","og_title":"Assembl\u00e9e G\u00e9n\u00e9rale du Graie 2021 | Graie","og_description":"L'assembl\u00e9e g\u00e9n\u00e9rale 2021 du Graie s'est d\u00e9roul\u00e9e le 8 avril 2021 en visioconf\u00e9rence.","og_url":"https:\/\/asso.graie.org\/portail\/assemblee-generale-graie-2021\/","og_site_name":"Graie","article_published_time":"0202-03-10T17:38:10+00:00","article_modified_time":"2022-05-23T09:20:01+00:00","og_image":[{"width":1000,"height":225,"url":"https:\/\/asso.graie.org\/portail\/wp-content\/uploads\/2021\/03\/ville_schuiten.jpg","type":"image\/jpeg"}],"author":"Laure Dumonte","twitter_card":"summary_large_image","twitter_creator":"@asso_graie","twitter_site":"@asso_graie","twitter_misc":{"\u00c9crit par":"Laure Dumonte","Dur\u00e9e de lecture estim\u00e9e":"2 minutes"},"schema":{"@context":"https:\/\/schema.org","@graph":[{"@type":"Article","@id":"https:\/\/asso.graie.org\/portail\/assemblee-generale-graie-2021\/#article","isPartOf":{"@id":"https:\/\/asso.graie.org\/portail\/assemblee-generale-graie-2021\/"},"author":{"name":"Laure Dumonte","@id":"https:\/\/asso.graie.org\/portail\/#\/schema\/person\/b7fb559684005d59490969faaa8fc42f"},"headline":"Assembl\u00e9e G\u00e9n\u00e9rale du Graie 2021","datePublished":"0202-03-10T17:38:10+00:00","dateModified":"2022-05-23T09:20:01+00:00","mainEntityOfPage":{"@id":"https:\/\/asso.graie.org\/portail\/assemblee-generale-graie-2021\/"},"wordCount":316,"publisher":{"@id":"https:\/\/asso.graie.org\/portail\/#organization"},"keywords":["Assembl\u00e9e G\u00e9n\u00e9rale","conf\u00e9rence","SDAGE"],"articleSection":["Actu Graie","Historique Agenda","Toute l'actualit\u00e9"],"inLanguage":"fr-FR"},{"@type":"WebPage","@id":"https:\/\/asso.graie.org\/portail\/assemblee-generale-graie-2021\/","url":"https:\/\/asso.graie.org\/portail\/assemblee-generale-graie-2021\/","name":"Assembl\u00e9e G\u00e9n\u00e9rale du Graie 2021 | Graie","isPartOf":{"@id":"https:\/\/asso.graie.org\/portail\/#website"},"datePublished":"0202-03-10T17:38:10+00:00","dateModified":"2022-05-23T09:20:01+00:00","description":"L'assembl\u00e9e g\u00e9n\u00e9rale 2021 du Graie s'est d\u00e9roul\u00e9e le 8 avril 2021 en visioconf\u00e9rence.","breadcrumb":{"@id":"https:\/\/asso.graie.org\/portail\/assemblee-generale-graie-2021\/#breadcrumb"},"inLanguage":"fr-FR","potentialAction":[{"@type":"ReadAction","target":["https:\/\/asso.graie.org\/portail\/assemblee-generale-graie-2021\/"]}]},{"@type":"BreadcrumbList","@id":"https:\/\/asso.graie.org\/portail\/assemblee-generale-graie-2021\/#breadcrumb","itemListElement":[{"@type":"ListItem","position":1,"name":"Accueil","item":"https:\/\/asso.graie.org\/portail\/"},{"@type":"ListItem","position":2,"name":"Assembl\u00e9e G\u00e9n\u00e9rale du Graie 2021"}]},{"@type":"WebSite","@id":"https:\/\/asso.graie.org\/portail\/#website","url":"https:\/\/asso.graie.org\/portail\/","name":"Graie","description":"P\u00f4le Eau et Territoires","publisher":{"@id":"https:\/\/asso.graie.org\/portail\/#organization"},"potentialAction":[{"@type":"SearchAction","target":{"@type":"EntryPoint","urlTemplate":"https:\/\/asso.graie.org\/portail\/?s={search_term_string}"},"query-input":"required name=search_term_string"}],"inLanguage":"fr-FR"},{"@type":"Organization","@id":"https:\/\/asso.graie.org\/portail\/#organization","name":"Le Graie","url":"https:\/\/asso.graie.org\/portail\/","logo":{"@type":"ImageObject","inLanguage":"fr-FR","@id":"https:\/\/asso.graie.org\/portail\/#\/schema\/logo\/image\/","url":"https:\/\/asso.graie.org\/portail\/wp-content\/uploads\/2021\/12\/Logotype-Graie.png","contentUrl":"https:\/\/asso.graie.org\/portail\/wp-content\/uploads\/2021\/12\/Logotype-Graie.png","width":1890,"height":1181,"caption":"Le Graie"},"image":{"@id":"https:\/\/asso.graie.org\/portail\/#\/schema\/logo\/image\/"},"sameAs":["https:\/\/fr.linkedin.com\/company\/graie?trk=top_nav_home","https:\/\/www.youtube.com\/channel\/UCZQk0Tt7upYwERYNdDIZqLQ","https:\/\/twitter.com\/asso_graie"]},{"@type":"Person","@id":"https:\/\/asso.graie.org\/portail\/#\/schema\/person\/b7fb559684005d59490969faaa8fc42f","name":"Laure Dumonte","url":"https:\/\/asso.graie.org\/portail\/author\/sarahscarrott\/"}]}},"_links":{"self":[{"href":"https:\/\/asso.graie.org\/portail\/wp-json\/wp\/v2\/posts\/3776"}],"collection":[{"href":"https:\/\/asso.graie.org\/portail\/wp-json\/wp\/v2\/posts"}],"about":[{"href":"https:\/\/asso.graie.org\/portail\/wp-json\/wp\/v2\/types\/post"}],"author":[{"embeddable":true,"href":"https:\/\/asso.graie.org\/portail\/wp-json\/wp\/v2\/users\/3"}],"replies":[{"embeddable":true,"href":"https:\/\/asso.graie.org\/portail\/wp-json\/wp\/v2\/comments?post=3776"}],"version-history":[{"count":37,"href":"https:\/\/asso.graie.org\/portail\/wp-json\/wp\/v2\/posts\/3776\/revisions"}],"predecessor-version":[{"id":20421,"href":"https:\/\/asso.graie.org\/portail\/wp-json\/wp\/v2\/posts\/3776\/revisions\/20421"}],"wp:featuredmedia":[{"embeddable":true,"href":"https:\/\/asso.graie.org\/portail\/wp-json\/wp\/v2\/media\/17239"}],"wp:attachment":[{"href":"https:\/\/asso.graie.org\/portail\/wp-json\/wp\/v2\/media?parent=3776"}],"wp:term":[{"taxonomy":"category","embeddable":true,"href":"https:\/\/asso.graie.org\/portail\/wp-json\/wp\/v2\/categories?post=3776"},{"taxonomy":"post_tag","embeddable":true,"href":"https:\/\/asso.graie.org\/portail\/wp-json\/wp\/v2\/tags?post=3776"}],"curies":[{"name":"wp","href":"https:\/\/api.w.org\/{rel}","templated":true}]}}