{"id":3904,"date":"2017-04-06T10:21:16","date_gmt":"2017-04-06T08:21:16","guid":{"rendered":"https:\/\/asso.graie.org\/portail\/?p=3904"},"modified":"2021-08-03T10:15:00","modified_gmt":"2021-08-03T08:15:00","slug":"12e-conference-autosurveillance-systemes-dassainissement","status":"publish","type":"post","link":"https:\/\/asso.graie.org\/portail\/12e-conference-autosurveillance-systemes-dassainissement\/","title":{"rendered":"Autosurveillance des syst\u00e8mes d&rsquo;assainissement | Mise en \u0153uvre de la r\u00e9glementation, Diagnostic permanent"},"content":{"rendered":"<a href=\"http:\/\/www.graie.org\/graie\/graiedoc\/reseaux\/autosurv\/ActesAUTOsurv12-avril17web.pdf\" target=\"_blank\" class=\"shortc-button big blue \"><span class=\"fa fa-file-pdf-o\" aria-hidden=\"true\"><\/span> Supports d&rsquo;intervention<\/a>\n<p>Expos\u00e9s p\u00e9dagogiques et retours d\u2019exp\u00e9riences.<\/p>\n<p>Date : Jeudi 6 avril 2017<br \/>\nLieu : ENTPE &#8211; Lyon\/Villeurbanne<\/p>\n<h5><\/h5>\n<h5><span class=\"h3publi-ep\">A NOTER PROCHAINE JOURNEE : 5 avril 2018 !<\/span><span class=\"mention\"><br \/>\n<\/span><\/h5>\n<p>&nbsp;<\/p>\n","protected":false},"excerpt":{"rendered":"<p>Expos\u00e9s p\u00e9dagogiques et retours d\u2019exp\u00e9riences. Date : Jeudi 6 avril 2017 Lieu : ENTPE &#8211; Lyon\/Villeurbanne A NOTER PROCHAINE JOURNEE : 5 avril 2018 ! &nbsp;<\/p>\n","protected":false},"author":3,"featured_media":3905,"comment_status":"closed","ping_status":"closed","sticky":false,"template":"","format":"standard","meta":{"_mi_skip_tracking":false,"footnotes":""},"categories":[37,38,26,589,29],"tags":[84,184,1523,499],"acf":[],"yoast_head":"<!-- This site is optimized with the Yoast SEO plugin v19.13 - https:\/\/yoast.com\/wordpress\/plugins\/seo\/ -->\n<title>Autosurveillance des syst\u00e8mes d&#039;assainissement | Mise en \u0153uvre de la r\u00e9glementation, Diagnostic permanent | Graie<\/title>\n<meta name=\"robots\" content=\"index, follow, max-snippet:-1, max-image-preview:large, max-video-preview:-1\" \/>\n<link rel=\"canonical\" href=\"https:\/\/asso.graie.org\/portail\/12e-conference-autosurveillance-systemes-dassainissement\/\" \/>\n<meta property=\"og:locale\" content=\"fr_FR\" \/>\n<meta property=\"og:type\" content=\"article\" \/>\n<meta property=\"og:title\" content=\"Autosurveillance des syst\u00e8mes d&#039;assainissement | Mise en \u0153uvre de la r\u00e9glementation, Diagnostic permanent | Graie\" \/>\n<meta property=\"og:description\" content=\"Expos\u00e9s p\u00e9dagogiques et retours d\u2019exp\u00e9riences. Date : Jeudi 6 avril 2017 Lieu : ENTPE &#8211; Lyon\/Villeurbanne A NOTER PROCHAINE JOURNEE : 5 avril 2018 ! &nbsp;\" \/>\n<meta property=\"og:url\" content=\"https:\/\/asso.graie.org\/portail\/12e-conference-autosurveillance-systemes-dassainissement\/\" \/>\n<meta property=\"og:site_name\" content=\"Graie\" \/>\n<meta property=\"article:published_time\" content=\"2017-04-06T08:21:16+00:00\" \/>\n<meta property=\"article:modified_time\" content=\"2021-08-03T08:15:00+00:00\" \/>\n<meta property=\"og:image\" content=\"https:\/\/asso.graie.org\/portail\/wp-content\/uploads\/2017\/08\/Conf_Autosurv17.jpg\" \/>\n\t<meta property=\"og:image:width\" content=\"1312\" \/>\n\t<meta property=\"og:image:height\" content=\"1749\" \/>\n\t<meta property=\"og:image:type\" content=\"image\/jpeg\" \/>\n<meta name=\"author\" content=\"Laure Dumonte\" \/>\n<meta name=\"twitter:card\" content=\"summary_large_image\" \/>\n<meta name=\"twitter:creator\" content=\"@asso_graie\" \/>\n<meta name=\"twitter:site\" content=\"@asso_graie\" \/>\n<meta name=\"twitter:label1\" content=\"\u00c9crit par\" \/>\n\t<meta name=\"twitter:data1\" content=\"Laure Dumonte\" \/>\n<script type=\"application\/ld+json\" class=\"yoast-schema-graph\">{\"@context\":\"https:\/\/schema.org\",\"@graph\":[{\"@type\":\"Article\",\"@id\":\"https:\/\/asso.graie.org\/portail\/12e-conference-autosurveillance-systemes-dassainissement\/#article\",\"isPartOf\":{\"@id\":\"https:\/\/asso.graie.org\/portail\/12e-conference-autosurveillance-systemes-dassainissement\/\"},\"author\":{\"name\":\"Laure Dumonte\",\"@id\":\"https:\/\/asso.graie.org\/portail\/#\/schema\/person\/b7fb559684005d59490969faaa8fc42f\"},\"headline\":\"Autosurveillance des syst\u00e8mes d&rsquo;assainissement | Mise en \u0153uvre de la r\u00e9glementation, Diagnostic permanent\",\"datePublished\":\"2017-04-06T08:21:16+00:00\",\"dateModified\":\"2021-08-03T08:15:00+00:00\",\"mainEntityOfPage\":{\"@id\":\"https:\/\/asso.graie.org\/portail\/12e-conference-autosurveillance-systemes-dassainissement\/\"},\"wordCount\":64,\"publisher\":{\"@id\":\"https:\/\/asso.graie.org\/portail\/#organization\"},\"keywords\":[\"assainissement\",\"autosurveillance\",\"conf\u00e9rence\",\"r\u00e9seaux d'assainissement\"],\"articleSection\":[\"Assainissement non collectif\",\"Autosurveillance\",\"Derni\u00e8res parutions\",\"Historique Agenda\",\"Productions\"],\"inLanguage\":\"fr-FR\"},{\"@type\":\"WebPage\",\"@id\":\"https:\/\/asso.graie.org\/portail\/12e-conference-autosurveillance-systemes-dassainissement\/\",\"url\":\"https:\/\/asso.graie.org\/portail\/12e-conference-autosurveillance-systemes-dassainissement\/\",\"name\":\"Autosurveillance des syst\u00e8mes d'assainissement | Mise en \u0153uvre de la r\u00e9glementation, Diagnostic permanent | Graie\",\"isPartOf\":{\"@id\":\"https:\/\/asso.graie.org\/portail\/#website\"},\"datePublished\":\"2017-04-06T08:21:16+00:00\",\"dateModified\":\"2021-08-03T08:15:00+00:00\",\"breadcrumb\":{\"@id\":\"https:\/\/asso.graie.org\/portail\/12e-conference-autosurveillance-systemes-dassainissement\/#breadcrumb\"},\"inLanguage\":\"fr-FR\",\"potentialAction\":[{\"@type\":\"ReadAction\",\"target\":[\"https:\/\/asso.graie.org\/portail\/12e-conference-autosurveillance-systemes-dassainissement\/\"]}]},{\"@type\":\"BreadcrumbList\",\"@id\":\"https:\/\/asso.graie.org\/portail\/12e-conference-autosurveillance-systemes-dassainissement\/#breadcrumb\",\"itemListElement\":[{\"@type\":\"ListItem\",\"position\":1,\"name\":\"Accueil\",\"item\":\"https:\/\/asso.graie.org\/portail\/\"},{\"@type\":\"ListItem\",\"position\":2,\"name\":\"Autosurveillance des syst\u00e8mes d&rsquo;assainissement | Mise en \u0153uvre de la r\u00e9glementation, Diagnostic permanent\"}]},{\"@type\":\"WebSite\",\"@id\":\"https:\/\/asso.graie.org\/portail\/#website\",\"url\":\"https:\/\/asso.graie.org\/portail\/\",\"name\":\"Graie\",\"description\":\"P\u00f4le Eau et Territoires\",\"publisher\":{\"@id\":\"https:\/\/asso.graie.org\/portail\/#organization\"},\"potentialAction\":[{\"@type\":\"SearchAction\",\"target\":{\"@type\":\"EntryPoint\",\"urlTemplate\":\"https:\/\/asso.graie.org\/portail\/?s={search_term_string}\"},\"query-input\":\"required name=search_term_string\"}],\"inLanguage\":\"fr-FR\"},{\"@type\":\"Organization\",\"@id\":\"https:\/\/asso.graie.org\/portail\/#organization\",\"name\":\"Le Graie\",\"url\":\"https:\/\/asso.graie.org\/portail\/\",\"logo\":{\"@type\":\"ImageObject\",\"inLanguage\":\"fr-FR\",\"@id\":\"https:\/\/asso.graie.org\/portail\/#\/schema\/logo\/image\/\",\"url\":\"https:\/\/asso.graie.org\/portail\/wp-content\/uploads\/2021\/12\/Logotype-Graie.png\",\"contentUrl\":\"https:\/\/asso.graie.org\/portail\/wp-content\/uploads\/2021\/12\/Logotype-Graie.png\",\"width\":1890,\"height\":1181,\"caption\":\"Le Graie\"},\"image\":{\"@id\":\"https:\/\/asso.graie.org\/portail\/#\/schema\/logo\/image\/\"},\"sameAs\":[\"https:\/\/fr.linkedin.com\/company\/graie?trk=top_nav_home\",\"https:\/\/www.youtube.com\/channel\/UCZQk0Tt7upYwERYNdDIZqLQ\",\"https:\/\/twitter.com\/asso_graie\"]},{\"@type\":\"Person\",\"@id\":\"https:\/\/asso.graie.org\/portail\/#\/schema\/person\/b7fb559684005d59490969faaa8fc42f\",\"name\":\"Laure Dumonte\",\"url\":\"https:\/\/asso.graie.org\/portail\/author\/sarahscarrott\/\"}]}<\/script>\n<!-- \/ Yoast SEO plugin. -->","yoast_head_json":{"title":"Autosurveillance des syst\u00e8mes d'assainissement | Mise en \u0153uvre de la r\u00e9glementation, Diagnostic permanent | Graie","robots":{"index":"index","follow":"follow","max-snippet":"max-snippet:-1","max-image-preview":"max-image-preview:large","max-video-preview":"max-video-preview:-1"},"canonical":"https:\/\/asso.graie.org\/portail\/12e-conference-autosurveillance-systemes-dassainissement\/","og_locale":"fr_FR","og_type":"article","og_title":"Autosurveillance des syst\u00e8mes d'assainissement | Mise en \u0153uvre de la r\u00e9glementation, Diagnostic permanent | Graie","og_description":"Expos\u00e9s p\u00e9dagogiques et retours d\u2019exp\u00e9riences. Date : Jeudi 6 avril 2017 Lieu : ENTPE &#8211; Lyon\/Villeurbanne A NOTER PROCHAINE JOURNEE : 5 avril 2018 ! &nbsp;","og_url":"https:\/\/asso.graie.org\/portail\/12e-conference-autosurveillance-systemes-dassainissement\/","og_site_name":"Graie","article_published_time":"2017-04-06T08:21:16+00:00","article_modified_time":"2021-08-03T08:15:00+00:00","og_image":[{"width":1312,"height":1749,"url":"https:\/\/asso.graie.org\/portail\/wp-content\/uploads\/2017\/08\/Conf_Autosurv17.jpg","type":"image\/jpeg"}],"author":"Laure Dumonte","twitter_card":"summary_large_image","twitter_creator":"@asso_graie","twitter_site":"@asso_graie","twitter_misc":{"\u00c9crit par":"Laure Dumonte"},"schema":{"@context":"https:\/\/schema.org","@graph":[{"@type":"Article","@id":"https:\/\/asso.graie.org\/portail\/12e-conference-autosurveillance-systemes-dassainissement\/#article","isPartOf":{"@id":"https:\/\/asso.graie.org\/portail\/12e-conference-autosurveillance-systemes-dassainissement\/"},"author":{"name":"Laure Dumonte","@id":"https:\/\/asso.graie.org\/portail\/#\/schema\/person\/b7fb559684005d59490969faaa8fc42f"},"headline":"Autosurveillance des syst\u00e8mes d&rsquo;assainissement | Mise en \u0153uvre de la r\u00e9glementation, Diagnostic permanent","datePublished":"2017-04-06T08:21:16+00:00","dateModified":"2021-08-03T08:15:00+00:00","mainEntityOfPage":{"@id":"https:\/\/asso.graie.org\/portail\/12e-conference-autosurveillance-systemes-dassainissement\/"},"wordCount":64,"publisher":{"@id":"https:\/\/asso.graie.org\/portail\/#organization"},"keywords":["assainissement","autosurveillance","conf\u00e9rence","r\u00e9seaux d'assainissement"],"articleSection":["Assainissement non collectif","Autosurveillance","Derni\u00e8res parutions","Historique Agenda","Productions"],"inLanguage":"fr-FR"},{"@type":"WebPage","@id":"https:\/\/asso.graie.org\/portail\/12e-conference-autosurveillance-systemes-dassainissement\/","url":"https:\/\/asso.graie.org\/portail\/12e-conference-autosurveillance-systemes-dassainissement\/","name":"Autosurveillance des syst\u00e8mes d'assainissement | Mise en \u0153uvre de la r\u00e9glementation, Diagnostic permanent | Graie","isPartOf":{"@id":"https:\/\/asso.graie.org\/portail\/#website"},"datePublished":"2017-04-06T08:21:16+00:00","dateModified":"2021-08-03T08:15:00+00:00","breadcrumb":{"@id":"https:\/\/asso.graie.org\/portail\/12e-conference-autosurveillance-systemes-dassainissement\/#breadcrumb"},"inLanguage":"fr-FR","potentialAction":[{"@type":"ReadAction","target":["https:\/\/asso.graie.org\/portail\/12e-conference-autosurveillance-systemes-dassainissement\/"]}]},{"@type":"BreadcrumbList","@id":"https:\/\/asso.graie.org\/portail\/12e-conference-autosurveillance-systemes-dassainissement\/#breadcrumb","itemListElement":[{"@type":"ListItem","position":1,"name":"Accueil","item":"https:\/\/asso.graie.org\/portail\/"},{"@type":"ListItem","position":2,"name":"Autosurveillance des syst\u00e8mes d&rsquo;assainissement | Mise en \u0153uvre de la r\u00e9glementation, Diagnostic permanent"}]},{"@type":"WebSite","@id":"https:\/\/asso.graie.org\/portail\/#website","url":"https:\/\/asso.graie.org\/portail\/","name":"Graie","description":"P\u00f4le Eau et Territoires","publisher":{"@id":"https:\/\/asso.graie.org\/portail\/#organization"},"potentialAction":[{"@type":"SearchAction","target":{"@type":"EntryPoint","urlTemplate":"https:\/\/asso.graie.org\/portail\/?s={search_term_string}"},"query-input":"required name=search_term_string"}],"inLanguage":"fr-FR"},{"@type":"Organization","@id":"https:\/\/asso.graie.org\/portail\/#organization","name":"Le Graie","url":"https:\/\/asso.graie.org\/portail\/","logo":{"@type":"ImageObject","inLanguage":"fr-FR","@id":"https:\/\/asso.graie.org\/portail\/#\/schema\/logo\/image\/","url":"https:\/\/asso.graie.org\/portail\/wp-content\/uploads\/2021\/12\/Logotype-Graie.png","contentUrl":"https:\/\/asso.graie.org\/portail\/wp-content\/uploads\/2021\/12\/Logotype-Graie.png","width":1890,"height":1181,"caption":"Le Graie"},"image":{"@id":"https:\/\/asso.graie.org\/portail\/#\/schema\/logo\/image\/"},"sameAs":["https:\/\/fr.linkedin.com\/company\/graie?trk=top_nav_home","https:\/\/www.youtube.com\/channel\/UCZQk0Tt7upYwERYNdDIZqLQ","https:\/\/twitter.com\/asso_graie"]},{"@type":"Person","@id":"https:\/\/asso.graie.org\/portail\/#\/schema\/person\/b7fb559684005d59490969faaa8fc42f","name":"Laure Dumonte","url":"https:\/\/asso.graie.org\/portail\/author\/sarahscarrott\/"}]}},"_links":{"self":[{"href":"https:\/\/asso.graie.org\/portail\/wp-json\/wp\/v2\/posts\/3904"}],"collection":[{"href":"https:\/\/asso.graie.org\/portail\/wp-json\/wp\/v2\/posts"}],"about":[{"href":"https:\/\/asso.graie.org\/portail\/wp-json\/wp\/v2\/types\/post"}],"author":[{"embeddable":true,"href":"https:\/\/asso.graie.org\/portail\/wp-json\/wp\/v2\/users\/3"}],"replies":[{"embeddable":true,"href":"https:\/\/asso.graie.org\/portail\/wp-json\/wp\/v2\/comments?post=3904"}],"version-history":[{"count":1,"href":"https:\/\/asso.graie.org\/portail\/wp-json\/wp\/v2\/posts\/3904\/revisions"}],"predecessor-version":[{"id":18038,"href":"https:\/\/asso.graie.org\/portail\/wp-json\/wp\/v2\/posts\/3904\/revisions\/18038"}],"wp:featuredmedia":[{"embeddable":true,"href":"https:\/\/asso.graie.org\/portail\/wp-json\/wp\/v2\/media\/3905"}],"wp:attachment":[{"href":"https:\/\/asso.graie.org\/portail\/wp-json\/wp\/v2\/media?parent=3904"}],"wp:term":[{"taxonomy":"category","embeddable":true,"href":"https:\/\/asso.graie.org\/portail\/wp-json\/wp\/v2\/categories?post=3904"},{"taxonomy":"post_tag","embeddable":true,"href":"https:\/\/asso.graie.org\/portail\/wp-json\/wp\/v2\/tags?post=3904"}],"curies":[{"name":"wp","href":"https:\/\/api.w.org\/{rel}","templated":true}]}}