{"id":4706,"date":"2016-09-08T17:02:58","date_gmt":"2016-09-08T15:02:58","guid":{"rendered":"https:\/\/asso.graie.org\/portail\/?p=4706"},"modified":"2023-12-15T09:33:58","modified_gmt":"2023-12-15T08:33:58","slug":"outils-references-gestion-effluents-non-domestiques","status":"publish","type":"post","link":"https:\/\/asso.graie.org\/portail\/outils-references-gestion-effluents-non-domestiques\/","title":{"rendered":"Le r\u00e9seau de gestion des effluents non domestiques du Graie"},"content":{"rendered":"\n<div style=\"height:45px\" aria-hidden=\"true\" class=\"wp-block-spacer\"><\/div>\n\n\n\n<h2 class=\"wp-block-heading\">Le groupe de travail END<\/h2>\n\n\n\n<div style=\"height:45px\" aria-hidden=\"true\" class=\"wp-block-spacer\"><\/div>\n\n\n\n<p>Cette plaquette vous pr\u00e9sente le r\u00e9seau END du Graie, son fonctionnement, ses membres et partenaires ainsi qu&rsquo;un acc\u00e8s direct aux principaux documents produits et mis en ligne par le <a href=\"https:\/\/asso.graie.org\/portail\/animationregionale\/gt-effluents-non-domestiques\/\" target=\"_blank\" rel=\"noopener noreferrer\">groupe de travail effluents non domestiques<\/a> (cliquez sur \u00ab\u00a0catalogue Eau &amp; Sant\u00e9\u00a0\u00bb dans la plaquette).<\/p>\n\n\n\n<div style=\"height:46px\" aria-hidden=\"true\" class=\"wp-block-spacer\"><\/div>\n\n\n\n<div class=\"wp-block-columns is-layout-flex wp-container-3 wp-block-columns-is-layout-flex\">\n<div class=\"wp-block-column is-vertically-aligned-center is-layout-flow wp-block-column-is-layout-flow\" style=\"flex-basis:33.34%\">\n<div class=\"wp-block-buttons is-layout-flex wp-block-buttons-is-layout-flex\">\n<div class=\"wp-block-button\"><a class=\"wp-block-button__link has-white-color has-vivid-cyan-blue-background-color has-text-color has-background wp-element-button\" href=\"https:\/\/asso.graie.org\/portail\/wp-content\/uploads\/2023\/09\/Presentation_reseau_END_2023.pdf\"><strong>PR\u00c9SENTATION DU R\u00c9SEAU END<\/strong><\/a><\/div>\n<\/div>\n<\/div>\n<\/div>\n\n\n\n<div style=\"height:46px\" aria-hidden=\"true\" class=\"wp-block-spacer\"><\/div>\n\n\n\n<p><\/p>\n","protected":false},"excerpt":{"rendered":"<p>Le groupe de travail END Cette plaquette vous pr\u00e9sente le r\u00e9seau END du Graie, son fonctionnement, ses membres et partenaires ainsi qu&rsquo;un acc\u00e8s direct aux principaux documents produits et mis en ligne par le groupe de travail effluents non domestiques &hellip;<\/p>\n","protected":false},"author":1,"featured_media":15462,"comment_status":"closed","ping_status":"closed","sticky":false,"template":"","format":"standard","meta":{"_mi_skip_tracking":false,"footnotes":""},"categories":[54,29],"tags":[805,84,806,566,1525,109,807,1885,767,637],"acf":[],"yoast_head":"<!-- This site is optimized with the Yoast SEO plugin v19.13 - https:\/\/yoast.com\/wordpress\/plugins\/seo\/ -->\n<title>Le r\u00e9seau de gestion des effluents non domestiques du Graie | Graie<\/title>\n<meta name=\"description\" content=\"Cette plaquette pr\u00e9sente le r\u00e9seau END du Graie et donne un acc\u00e8s direct aux principaux documents produits et mis en ligne par le groupe de travail.\" \/>\n<meta name=\"robots\" content=\"index, follow, max-snippet:-1, max-image-preview:large, max-video-preview:-1\" \/>\n<link rel=\"canonical\" href=\"https:\/\/asso.graie.org\/portail\/outils-references-gestion-effluents-non-domestiques\/\" \/>\n<meta property=\"og:locale\" content=\"fr_FR\" \/>\n<meta property=\"og:type\" content=\"article\" \/>\n<meta property=\"og:title\" content=\"Le r\u00e9seau de gestion des effluents non domestiques du Graie | Graie\" \/>\n<meta property=\"og:description\" content=\"Cette plaquette pr\u00e9sente le r\u00e9seau END du Graie et donne un acc\u00e8s direct aux principaux documents produits et mis en ligne par le groupe de travail.\" \/>\n<meta property=\"og:url\" content=\"https:\/\/asso.graie.org\/portail\/outils-references-gestion-effluents-non-domestiques\/\" \/>\n<meta property=\"og:site_name\" content=\"Graie\" \/>\n<meta property=\"article:published_time\" content=\"2016-09-08T15:02:58+00:00\" \/>\n<meta property=\"article:modified_time\" content=\"2023-12-15T08:33:58+00:00\" \/>\n<meta property=\"og:image\" content=\"https:\/\/asso.graie.org\/portail\/wp-content\/uploads\/2016\/09\/end.jpg.png\" \/>\n\t<meta property=\"og:image:width\" content=\"300\" \/>\n\t<meta property=\"og:image:height\" content=\"173\" \/>\n\t<meta property=\"og:image:type\" content=\"image\/png\" \/>\n<meta name=\"author\" content=\"adriengervet\" \/>\n<meta name=\"twitter:card\" content=\"summary_large_image\" \/>\n<meta name=\"twitter:creator\" content=\"@asso_graie\" \/>\n<meta name=\"twitter:site\" content=\"@asso_graie\" \/>\n<meta name=\"twitter:label1\" content=\"\u00c9crit par\" \/>\n\t<meta name=\"twitter:data1\" content=\"adriengervet\" \/>\n\t<meta name=\"twitter:label2\" content=\"Dur\u00e9e de lecture estim\u00e9e\" \/>\n\t<meta name=\"twitter:data2\" content=\"1 minute\" \/>\n<script type=\"application\/ld+json\" class=\"yoast-schema-graph\">{\"@context\":\"https:\/\/schema.org\",\"@graph\":[{\"@type\":\"Article\",\"@id\":\"https:\/\/asso.graie.org\/portail\/outils-references-gestion-effluents-non-domestiques\/#article\",\"isPartOf\":{\"@id\":\"https:\/\/asso.graie.org\/portail\/outils-references-gestion-effluents-non-domestiques\/\"},\"author\":{\"name\":\"adriengervet\",\"@id\":\"https:\/\/asso.graie.org\/portail\/#\/schema\/person\/6c6bb5a38c33b4501e4e8ce71aba5a8c\"},\"headline\":\"Le r\u00e9seau de gestion des effluents non domestiques du Graie\",\"datePublished\":\"2016-09-08T15:02:58+00:00\",\"dateModified\":\"2023-12-15T08:33:58+00:00\",\"mainEntityOfPage\":{\"@id\":\"https:\/\/asso.graie.org\/portail\/outils-references-gestion-effluents-non-domestiques\/\"},\"wordCount\":69,\"publisher\":{\"@id\":\"https:\/\/asso.graie.org\/portail\/#organization\"},\"keywords\":[\"artisans\",\"assainissement\",\"documents\",\"effluents non domestiques\",\"END\",\"gestion\",\"groupe de travail\",\"gt end\",\"industriels\",\"outils\"],\"articleSection\":[\"Effluents non domestiques\",\"Productions\"],\"inLanguage\":\"fr-FR\"},{\"@type\":\"WebPage\",\"@id\":\"https:\/\/asso.graie.org\/portail\/outils-references-gestion-effluents-non-domestiques\/\",\"url\":\"https:\/\/asso.graie.org\/portail\/outils-references-gestion-effluents-non-domestiques\/\",\"name\":\"Le r\u00e9seau de gestion des effluents non domestiques du Graie | Graie\",\"isPartOf\":{\"@id\":\"https:\/\/asso.graie.org\/portail\/#website\"},\"datePublished\":\"2016-09-08T15:02:58+00:00\",\"dateModified\":\"2023-12-15T08:33:58+00:00\",\"description\":\"Cette plaquette pr\u00e9sente le r\u00e9seau END du Graie et donne un acc\u00e8s direct aux principaux documents produits et mis en ligne par le groupe de travail.\",\"breadcrumb\":{\"@id\":\"https:\/\/asso.graie.org\/portail\/outils-references-gestion-effluents-non-domestiques\/#breadcrumb\"},\"inLanguage\":\"fr-FR\",\"potentialAction\":[{\"@type\":\"ReadAction\",\"target\":[\"https:\/\/asso.graie.org\/portail\/outils-references-gestion-effluents-non-domestiques\/\"]}]},{\"@type\":\"BreadcrumbList\",\"@id\":\"https:\/\/asso.graie.org\/portail\/outils-references-gestion-effluents-non-domestiques\/#breadcrumb\",\"itemListElement\":[{\"@type\":\"ListItem\",\"position\":1,\"name\":\"Accueil\",\"item\":\"https:\/\/asso.graie.org\/portail\/\"},{\"@type\":\"ListItem\",\"position\":2,\"name\":\"Le r\u00e9seau de gestion des effluents non domestiques du Graie\"}]},{\"@type\":\"WebSite\",\"@id\":\"https:\/\/asso.graie.org\/portail\/#website\",\"url\":\"https:\/\/asso.graie.org\/portail\/\",\"name\":\"Graie\",\"description\":\"P\u00f4le Eau et Territoires\",\"publisher\":{\"@id\":\"https:\/\/asso.graie.org\/portail\/#organization\"},\"potentialAction\":[{\"@type\":\"SearchAction\",\"target\":{\"@type\":\"EntryPoint\",\"urlTemplate\":\"https:\/\/asso.graie.org\/portail\/?s={search_term_string}\"},\"query-input\":\"required name=search_term_string\"}],\"inLanguage\":\"fr-FR\"},{\"@type\":\"Organization\",\"@id\":\"https:\/\/asso.graie.org\/portail\/#organization\",\"name\":\"Le Graie\",\"url\":\"https:\/\/asso.graie.org\/portail\/\",\"logo\":{\"@type\":\"ImageObject\",\"inLanguage\":\"fr-FR\",\"@id\":\"https:\/\/asso.graie.org\/portail\/#\/schema\/logo\/image\/\",\"url\":\"https:\/\/asso.graie.org\/portail\/wp-content\/uploads\/2021\/12\/Logotype-Graie.png\",\"contentUrl\":\"https:\/\/asso.graie.org\/portail\/wp-content\/uploads\/2021\/12\/Logotype-Graie.png\",\"width\":1890,\"height\":1181,\"caption\":\"Le Graie\"},\"image\":{\"@id\":\"https:\/\/asso.graie.org\/portail\/#\/schema\/logo\/image\/\"},\"sameAs\":[\"https:\/\/fr.linkedin.com\/company\/graie?trk=top_nav_home\",\"https:\/\/www.youtube.com\/channel\/UCZQk0Tt7upYwERYNdDIZqLQ\",\"https:\/\/twitter.com\/asso_graie\"]},{\"@type\":\"Person\",\"@id\":\"https:\/\/asso.graie.org\/portail\/#\/schema\/person\/6c6bb5a38c33b4501e4e8ce71aba5a8c\",\"name\":\"adriengervet\",\"url\":\"https:\/\/asso.graie.org\/portail\/author\/adriengervet\/\"}]}<\/script>\n<!-- \/ Yoast SEO plugin. -->","yoast_head_json":{"title":"Le r\u00e9seau de gestion des effluents non domestiques du Graie | Graie","description":"Cette plaquette pr\u00e9sente le r\u00e9seau END du Graie et donne un acc\u00e8s direct aux principaux documents produits et mis en ligne par le groupe de travail.","robots":{"index":"index","follow":"follow","max-snippet":"max-snippet:-1","max-image-preview":"max-image-preview:large","max-video-preview":"max-video-preview:-1"},"canonical":"https:\/\/asso.graie.org\/portail\/outils-references-gestion-effluents-non-domestiques\/","og_locale":"fr_FR","og_type":"article","og_title":"Le r\u00e9seau de gestion des effluents non domestiques du Graie | Graie","og_description":"Cette plaquette pr\u00e9sente le r\u00e9seau END du Graie et donne un acc\u00e8s direct aux principaux documents produits et mis en ligne par le groupe de travail.","og_url":"https:\/\/asso.graie.org\/portail\/outils-references-gestion-effluents-non-domestiques\/","og_site_name":"Graie","article_published_time":"2016-09-08T15:02:58+00:00","article_modified_time":"2023-12-15T08:33:58+00:00","og_image":[{"width":300,"height":173,"url":"https:\/\/asso.graie.org\/portail\/wp-content\/uploads\/2016\/09\/end.jpg.png","type":"image\/png"}],"author":"adriengervet","twitter_card":"summary_large_image","twitter_creator":"@asso_graie","twitter_site":"@asso_graie","twitter_misc":{"\u00c9crit par":"adriengervet","Dur\u00e9e de lecture estim\u00e9e":"1 minute"},"schema":{"@context":"https:\/\/schema.org","@graph":[{"@type":"Article","@id":"https:\/\/asso.graie.org\/portail\/outils-references-gestion-effluents-non-domestiques\/#article","isPartOf":{"@id":"https:\/\/asso.graie.org\/portail\/outils-references-gestion-effluents-non-domestiques\/"},"author":{"name":"adriengervet","@id":"https:\/\/asso.graie.org\/portail\/#\/schema\/person\/6c6bb5a38c33b4501e4e8ce71aba5a8c"},"headline":"Le r\u00e9seau de gestion des effluents non domestiques du Graie","datePublished":"2016-09-08T15:02:58+00:00","dateModified":"2023-12-15T08:33:58+00:00","mainEntityOfPage":{"@id":"https:\/\/asso.graie.org\/portail\/outils-references-gestion-effluents-non-domestiques\/"},"wordCount":69,"publisher":{"@id":"https:\/\/asso.graie.org\/portail\/#organization"},"keywords":["artisans","assainissement","documents","effluents non domestiques","END","gestion","groupe de travail","gt end","industriels","outils"],"articleSection":["Effluents non domestiques","Productions"],"inLanguage":"fr-FR"},{"@type":"WebPage","@id":"https:\/\/asso.graie.org\/portail\/outils-references-gestion-effluents-non-domestiques\/","url":"https:\/\/asso.graie.org\/portail\/outils-references-gestion-effluents-non-domestiques\/","name":"Le r\u00e9seau de gestion des effluents non domestiques du Graie | Graie","isPartOf":{"@id":"https:\/\/asso.graie.org\/portail\/#website"},"datePublished":"2016-09-08T15:02:58+00:00","dateModified":"2023-12-15T08:33:58+00:00","description":"Cette plaquette pr\u00e9sente le r\u00e9seau END du Graie et donne un acc\u00e8s direct aux principaux documents produits et mis en ligne par le groupe de travail.","breadcrumb":{"@id":"https:\/\/asso.graie.org\/portail\/outils-references-gestion-effluents-non-domestiques\/#breadcrumb"},"inLanguage":"fr-FR","potentialAction":[{"@type":"ReadAction","target":["https:\/\/asso.graie.org\/portail\/outils-references-gestion-effluents-non-domestiques\/"]}]},{"@type":"BreadcrumbList","@id":"https:\/\/asso.graie.org\/portail\/outils-references-gestion-effluents-non-domestiques\/#breadcrumb","itemListElement":[{"@type":"ListItem","position":1,"name":"Accueil","item":"https:\/\/asso.graie.org\/portail\/"},{"@type":"ListItem","position":2,"name":"Le r\u00e9seau de gestion des effluents non domestiques du Graie"}]},{"@type":"WebSite","@id":"https:\/\/asso.graie.org\/portail\/#website","url":"https:\/\/asso.graie.org\/portail\/","name":"Graie","description":"P\u00f4le Eau et Territoires","publisher":{"@id":"https:\/\/asso.graie.org\/portail\/#organization"},"potentialAction":[{"@type":"SearchAction","target":{"@type":"EntryPoint","urlTemplate":"https:\/\/asso.graie.org\/portail\/?s={search_term_string}"},"query-input":"required name=search_term_string"}],"inLanguage":"fr-FR"},{"@type":"Organization","@id":"https:\/\/asso.graie.org\/portail\/#organization","name":"Le Graie","url":"https:\/\/asso.graie.org\/portail\/","logo":{"@type":"ImageObject","inLanguage":"fr-FR","@id":"https:\/\/asso.graie.org\/portail\/#\/schema\/logo\/image\/","url":"https:\/\/asso.graie.org\/portail\/wp-content\/uploads\/2021\/12\/Logotype-Graie.png","contentUrl":"https:\/\/asso.graie.org\/portail\/wp-content\/uploads\/2021\/12\/Logotype-Graie.png","width":1890,"height":1181,"caption":"Le Graie"},"image":{"@id":"https:\/\/asso.graie.org\/portail\/#\/schema\/logo\/image\/"},"sameAs":["https:\/\/fr.linkedin.com\/company\/graie?trk=top_nav_home","https:\/\/www.youtube.com\/channel\/UCZQk0Tt7upYwERYNdDIZqLQ","https:\/\/twitter.com\/asso_graie"]},{"@type":"Person","@id":"https:\/\/asso.graie.org\/portail\/#\/schema\/person\/6c6bb5a38c33b4501e4e8ce71aba5a8c","name":"adriengervet","url":"https:\/\/asso.graie.org\/portail\/author\/adriengervet\/"}]}},"_links":{"self":[{"href":"https:\/\/asso.graie.org\/portail\/wp-json\/wp\/v2\/posts\/4706"}],"collection":[{"href":"https:\/\/asso.graie.org\/portail\/wp-json\/wp\/v2\/posts"}],"about":[{"href":"https:\/\/asso.graie.org\/portail\/wp-json\/wp\/v2\/types\/post"}],"author":[{"embeddable":true,"href":"https:\/\/asso.graie.org\/portail\/wp-json\/wp\/v2\/users\/1"}],"replies":[{"embeddable":true,"href":"https:\/\/asso.graie.org\/portail\/wp-json\/wp\/v2\/comments?post=4706"}],"version-history":[{"count":16,"href":"https:\/\/asso.graie.org\/portail\/wp-json\/wp\/v2\/posts\/4706\/revisions"}],"predecessor-version":[{"id":24974,"href":"https:\/\/asso.graie.org\/portail\/wp-json\/wp\/v2\/posts\/4706\/revisions\/24974"}],"wp:featuredmedia":[{"embeddable":true,"href":"https:\/\/asso.graie.org\/portail\/wp-json\/wp\/v2\/media\/15462"}],"wp:attachment":[{"href":"https:\/\/asso.graie.org\/portail\/wp-json\/wp\/v2\/media?parent=4706"}],"wp:term":[{"taxonomy":"category","embeddable":true,"href":"https:\/\/asso.graie.org\/portail\/wp-json\/wp\/v2\/categories?post=4706"},{"taxonomy":"post_tag","embeddable":true,"href":"https:\/\/asso.graie.org\/portail\/wp-json\/wp\/v2\/tags?post=4706"}],"curies":[{"name":"wp","href":"https:\/\/api.w.org\/{rel}","templated":true}]}}