{"id":6574,"date":"2018-06-25T14:58:15","date_gmt":"2018-06-25T12:58:15","guid":{"rendered":"https:\/\/asso.graie.org\/portail\/?p=6574"},"modified":"2021-08-03T11:42:24","modified_gmt":"2021-08-03T09:42:24","slug":"i-s-rivers-lappel-a-communication-lance","status":"publish","type":"post","link":"https:\/\/asso.graie.org\/portail\/i-s-rivers-lappel-a-communication-lance\/","title":{"rendered":"I.S.Rivers 2018 &#8211; Recherches et Actions au service des fleuves et grandes rivi\u00e8res"},"content":{"rendered":"<h2><\/h2>\n<p>La 3e \u00e9dition de la conf\u00e9rence I.S.Rivers s&rsquo;est tenue du 4 au 8 juin 2018 et a rassembl\u00e9 525 participants de 29 pays !<\/p>\n<a href=\"http:\/\/www.graie.org\/ISRivers\/n_prog_sessions.php\" target=\"_blank\" class=\"shortc-button medium blue \"><span class=\"fa fa-globe\" aria-hidden=\"true\"><\/span> Actes en ligne<\/a>\n<a href=\"http:\/\/www.graie.org\/ISRivers\/n_photos2018.php\" target=\"_blank\" class=\"shortc-button medium blue \"><span class=\"fa fa-globe\" aria-hidden=\"true\"><\/span> Voir les photos<\/a>\n<p>&nbsp;<\/p>\n<p>Rendez-vous en 2021 pour la 4e \u00e9dition d&rsquo;I.S.Rivers !<\/p>\n<p>&nbsp;<\/p>\n<h2><strong>Une conf\u00e9rence sur les fleuves et grandes rivi\u00e8res du monde<\/strong><\/h2>\n<p>L\u2019ambition de cette conf\u00e9rence internationale est de partager les recherches avec les scientifiques et les exp\u00e9riences avec les acteurs de l\u2019eau et des territoires pour faire \u00e9voluer les pratiques en faveur d\u2019une gestion durable des fleuves et grandes rivi\u00e8res. Elle s&rsquo;int\u00e9resse aux diff\u00e9rentes dimensions, aux diff\u00e9rentes visions des syst\u00e8mes fluviaux : les dimensions physiques et \u00e9cologiques, et les dimensions humaines (gouvernance, \u00e9conomie et culture).<\/p>\n<p>&nbsp;<\/p>\n<p><img decoding=\"async\" loading=\"lazy\" class=\"alignnone wp-image-6577 size-full\" src=\"https:\/\/asso.graie.org\/portail\/wp-content\/uploads\/2017\/09\/Actu_ISRivers18_themes.jpg\" alt=\"Les th\u00e8mes d'I.S.Rivers 2018 | Trajectoires et adaptation aux changements globaux - Fonctionnement des fleuves, qualit\u00e9 et services - Restauration \u00e9cologique et enjeux de gestion - Des fleuves et des hommes en interaction\" width=\"596\" height=\"401\" srcset=\"https:\/\/asso.graie.org\/portail\/wp-content\/uploads\/2017\/09\/Actu_ISRivers18_themes.jpg 596w, https:\/\/asso.graie.org\/portail\/wp-content\/uploads\/2017\/09\/Actu_ISRivers18_themes-300x202.jpg 300w\" sizes=\"(max-width: 596px) 100vw, 596px\" \/><\/p>\n","protected":false},"excerpt":{"rendered":"<p>La 3e \u00e9dition de la conf\u00e9rence I.S.Rivers s&rsquo;est tenue du 4 au 8 juin 2018 et a rassembl\u00e9 525 participants de 29 pays ! &nbsp; Rendez-vous en 2021 pour la 4e \u00e9dition d&rsquo;I.S.Rivers ! &nbsp; Une conf\u00e9rence sur les fleuves &hellip;<\/p>\n","protected":false},"author":3,"featured_media":6910,"comment_status":"closed","ping_status":"closed","sticky":false,"template":"","format":"standard","meta":{"_mi_skip_tracking":false,"footnotes":""},"categories":[589,33,29],"tags":[305,345,187,346,348,196,122,347,315,148,342,343,349,199,287,314,344,129],"acf":[],"yoast_head":"<!-- This site is optimized with the Yoast SEO plugin v19.13 - https:\/\/yoast.com\/wordpress\/plugins\/seo\/ -->\n<title>I.S.Rivers 2018 - Recherches et Actions au service des fleuves et grandes rivi\u00e8res | Graie<\/title>\n<meta name=\"robots\" content=\"index, follow, max-snippet:-1, max-image-preview:large, max-video-preview:-1\" \/>\n<link rel=\"canonical\" href=\"https:\/\/asso.graie.org\/portail\/i-s-rivers-lappel-a-communication-lance\/\" \/>\n<meta property=\"og:locale\" content=\"fr_FR\" \/>\n<meta property=\"og:type\" content=\"article\" \/>\n<meta property=\"og:title\" content=\"I.S.Rivers 2018 - Recherches et Actions au service des fleuves et grandes rivi\u00e8res | Graie\" \/>\n<meta property=\"og:description\" content=\"La 3e \u00e9dition de la conf\u00e9rence I.S.Rivers s&rsquo;est tenue du 4 au 8 juin 2018 et a rassembl\u00e9 525 participants de 29 pays ! &nbsp; Rendez-vous en 2021 pour la 4e \u00e9dition d&rsquo;I.S.Rivers ! &nbsp; Une conf\u00e9rence sur les fleuves &hellip;\" \/>\n<meta property=\"og:url\" content=\"https:\/\/asso.graie.org\/portail\/i-s-rivers-lappel-a-communication-lance\/\" \/>\n<meta property=\"og:site_name\" content=\"Graie\" \/>\n<meta property=\"article:published_time\" content=\"2018-06-25T12:58:15+00:00\" \/>\n<meta property=\"article:modified_time\" content=\"2021-08-03T09:42:24+00:00\" \/>\n<meta property=\"og:image\" content=\"https:\/\/asso.graie.org\/portail\/wp-content\/uploads\/2017\/10\/ISRivers18_image-actu_sitewebGraie.jpg\" \/>\n\t<meta property=\"og:image:width\" content=\"1000\" \/>\n\t<meta property=\"og:image:height\" content=\"688\" \/>\n\t<meta property=\"og:image:type\" content=\"image\/jpeg\" \/>\n<meta name=\"author\" content=\"Laure Dumonte\" \/>\n<meta name=\"twitter:card\" content=\"summary_large_image\" \/>\n<meta name=\"twitter:creator\" content=\"@asso_graie\" \/>\n<meta name=\"twitter:site\" content=\"@asso_graie\" \/>\n<meta name=\"twitter:label1\" content=\"\u00c9crit par\" \/>\n\t<meta name=\"twitter:data1\" content=\"Laure Dumonte\" \/>\n\t<meta name=\"twitter:label2\" content=\"Dur\u00e9e de lecture estim\u00e9e\" \/>\n\t<meta name=\"twitter:data2\" content=\"1 minute\" \/>\n<script type=\"application\/ld+json\" class=\"yoast-schema-graph\">{\"@context\":\"https:\/\/schema.org\",\"@graph\":[{\"@type\":\"Article\",\"@id\":\"https:\/\/asso.graie.org\/portail\/i-s-rivers-lappel-a-communication-lance\/#article\",\"isPartOf\":{\"@id\":\"https:\/\/asso.graie.org\/portail\/i-s-rivers-lappel-a-communication-lance\/\"},\"author\":{\"name\":\"Laure Dumonte\",\"@id\":\"https:\/\/asso.graie.org\/portail\/#\/schema\/person\/b7fb559684005d59490969faaa8fc42f\"},\"headline\":\"I.S.Rivers 2018 &#8211; Recherches et Actions au service des fleuves et grandes rivi\u00e8res\",\"datePublished\":\"2018-06-25T12:58:15+00:00\",\"dateModified\":\"2021-08-03T09:42:24+00:00\",\"mainEntityOfPage\":{\"@id\":\"https:\/\/asso.graie.org\/portail\/i-s-rivers-lappel-a-communication-lance\/\"},\"wordCount\":182,\"publisher\":{\"@id\":\"https:\/\/asso.graie.org\/portail\/#organization\"},\"keywords\":[\"biodiversit\u00e9\",\"continuit\u00e9 \u00e9cologique\",\"enjeux\",\"fonctionnement\",\"for\u00eat alluviale\",\"gestion durable\",\"gouvernance\",\"hydromorphologie\",\"hydrosyst\u00e8mes\",\"international\",\"IS.Rivers\",\"ISRivers\",\"nappe\",\"qualit\u00e9\",\"Restauration\",\"services \u00e9cosyst\u00e9miques\",\"trajectoires\",\"usages\"],\"articleSection\":[\"Historique Agenda\",\"Milieux aquatiques - Bassins versants\",\"Productions\"],\"inLanguage\":\"fr-FR\"},{\"@type\":\"WebPage\",\"@id\":\"https:\/\/asso.graie.org\/portail\/i-s-rivers-lappel-a-communication-lance\/\",\"url\":\"https:\/\/asso.graie.org\/portail\/i-s-rivers-lappel-a-communication-lance\/\",\"name\":\"I.S.Rivers 2018 - Recherches et Actions au service des fleuves et grandes rivi\u00e8res | Graie\",\"isPartOf\":{\"@id\":\"https:\/\/asso.graie.org\/portail\/#website\"},\"datePublished\":\"2018-06-25T12:58:15+00:00\",\"dateModified\":\"2021-08-03T09:42:24+00:00\",\"breadcrumb\":{\"@id\":\"https:\/\/asso.graie.org\/portail\/i-s-rivers-lappel-a-communication-lance\/#breadcrumb\"},\"inLanguage\":\"fr-FR\",\"potentialAction\":[{\"@type\":\"ReadAction\",\"target\":[\"https:\/\/asso.graie.org\/portail\/i-s-rivers-lappel-a-communication-lance\/\"]}]},{\"@type\":\"BreadcrumbList\",\"@id\":\"https:\/\/asso.graie.org\/portail\/i-s-rivers-lappel-a-communication-lance\/#breadcrumb\",\"itemListElement\":[{\"@type\":\"ListItem\",\"position\":1,\"name\":\"Accueil\",\"item\":\"https:\/\/asso.graie.org\/portail\/\"},{\"@type\":\"ListItem\",\"position\":2,\"name\":\"I.S.Rivers 2018 &#8211; Recherches et Actions au service des fleuves et grandes rivi\u00e8res\"}]},{\"@type\":\"WebSite\",\"@id\":\"https:\/\/asso.graie.org\/portail\/#website\",\"url\":\"https:\/\/asso.graie.org\/portail\/\",\"name\":\"Graie\",\"description\":\"P\u00f4le Eau et Territoires\",\"publisher\":{\"@id\":\"https:\/\/asso.graie.org\/portail\/#organization\"},\"potentialAction\":[{\"@type\":\"SearchAction\",\"target\":{\"@type\":\"EntryPoint\",\"urlTemplate\":\"https:\/\/asso.graie.org\/portail\/?s={search_term_string}\"},\"query-input\":\"required name=search_term_string\"}],\"inLanguage\":\"fr-FR\"},{\"@type\":\"Organization\",\"@id\":\"https:\/\/asso.graie.org\/portail\/#organization\",\"name\":\"Le Graie\",\"url\":\"https:\/\/asso.graie.org\/portail\/\",\"logo\":{\"@type\":\"ImageObject\",\"inLanguage\":\"fr-FR\",\"@id\":\"https:\/\/asso.graie.org\/portail\/#\/schema\/logo\/image\/\",\"url\":\"https:\/\/asso.graie.org\/portail\/wp-content\/uploads\/2021\/12\/Logotype-Graie.png\",\"contentUrl\":\"https:\/\/asso.graie.org\/portail\/wp-content\/uploads\/2021\/12\/Logotype-Graie.png\",\"width\":1890,\"height\":1181,\"caption\":\"Le Graie\"},\"image\":{\"@id\":\"https:\/\/asso.graie.org\/portail\/#\/schema\/logo\/image\/\"},\"sameAs\":[\"https:\/\/fr.linkedin.com\/company\/graie?trk=top_nav_home\",\"https:\/\/www.youtube.com\/channel\/UCZQk0Tt7upYwERYNdDIZqLQ\",\"https:\/\/twitter.com\/asso_graie\"]},{\"@type\":\"Person\",\"@id\":\"https:\/\/asso.graie.org\/portail\/#\/schema\/person\/b7fb559684005d59490969faaa8fc42f\",\"name\":\"Laure Dumonte\",\"url\":\"https:\/\/asso.graie.org\/portail\/author\/sarahscarrott\/\"}]}<\/script>\n<!-- \/ Yoast SEO plugin. -->","yoast_head_json":{"title":"I.S.Rivers 2018 - Recherches et Actions au service des fleuves et grandes rivi\u00e8res | Graie","robots":{"index":"index","follow":"follow","max-snippet":"max-snippet:-1","max-image-preview":"max-image-preview:large","max-video-preview":"max-video-preview:-1"},"canonical":"https:\/\/asso.graie.org\/portail\/i-s-rivers-lappel-a-communication-lance\/","og_locale":"fr_FR","og_type":"article","og_title":"I.S.Rivers 2018 - Recherches et Actions au service des fleuves et grandes rivi\u00e8res | Graie","og_description":"La 3e \u00e9dition de la conf\u00e9rence I.S.Rivers s&rsquo;est tenue du 4 au 8 juin 2018 et a rassembl\u00e9 525 participants de 29 pays ! &nbsp; Rendez-vous en 2021 pour la 4e \u00e9dition d&rsquo;I.S.Rivers ! &nbsp; Une conf\u00e9rence sur les fleuves &hellip;","og_url":"https:\/\/asso.graie.org\/portail\/i-s-rivers-lappel-a-communication-lance\/","og_site_name":"Graie","article_published_time":"2018-06-25T12:58:15+00:00","article_modified_time":"2021-08-03T09:42:24+00:00","og_image":[{"width":1000,"height":688,"url":"https:\/\/asso.graie.org\/portail\/wp-content\/uploads\/2017\/10\/ISRivers18_image-actu_sitewebGraie.jpg","type":"image\/jpeg"}],"author":"Laure Dumonte","twitter_card":"summary_large_image","twitter_creator":"@asso_graie","twitter_site":"@asso_graie","twitter_misc":{"\u00c9crit par":"Laure Dumonte","Dur\u00e9e de lecture estim\u00e9e":"1 minute"},"schema":{"@context":"https:\/\/schema.org","@graph":[{"@type":"Article","@id":"https:\/\/asso.graie.org\/portail\/i-s-rivers-lappel-a-communication-lance\/#article","isPartOf":{"@id":"https:\/\/asso.graie.org\/portail\/i-s-rivers-lappel-a-communication-lance\/"},"author":{"name":"Laure Dumonte","@id":"https:\/\/asso.graie.org\/portail\/#\/schema\/person\/b7fb559684005d59490969faaa8fc42f"},"headline":"I.S.Rivers 2018 &#8211; Recherches et Actions au service des fleuves et grandes rivi\u00e8res","datePublished":"2018-06-25T12:58:15+00:00","dateModified":"2021-08-03T09:42:24+00:00","mainEntityOfPage":{"@id":"https:\/\/asso.graie.org\/portail\/i-s-rivers-lappel-a-communication-lance\/"},"wordCount":182,"publisher":{"@id":"https:\/\/asso.graie.org\/portail\/#organization"},"keywords":["biodiversit\u00e9","continuit\u00e9 \u00e9cologique","enjeux","fonctionnement","for\u00eat alluviale","gestion durable","gouvernance","hydromorphologie","hydrosyst\u00e8mes","international","IS.Rivers","ISRivers","nappe","qualit\u00e9","Restauration","services \u00e9cosyst\u00e9miques","trajectoires","usages"],"articleSection":["Historique Agenda","Milieux aquatiques - Bassins versants","Productions"],"inLanguage":"fr-FR"},{"@type":"WebPage","@id":"https:\/\/asso.graie.org\/portail\/i-s-rivers-lappel-a-communication-lance\/","url":"https:\/\/asso.graie.org\/portail\/i-s-rivers-lappel-a-communication-lance\/","name":"I.S.Rivers 2018 - Recherches et Actions au service des fleuves et grandes rivi\u00e8res | Graie","isPartOf":{"@id":"https:\/\/asso.graie.org\/portail\/#website"},"datePublished":"2018-06-25T12:58:15+00:00","dateModified":"2021-08-03T09:42:24+00:00","breadcrumb":{"@id":"https:\/\/asso.graie.org\/portail\/i-s-rivers-lappel-a-communication-lance\/#breadcrumb"},"inLanguage":"fr-FR","potentialAction":[{"@type":"ReadAction","target":["https:\/\/asso.graie.org\/portail\/i-s-rivers-lappel-a-communication-lance\/"]}]},{"@type":"BreadcrumbList","@id":"https:\/\/asso.graie.org\/portail\/i-s-rivers-lappel-a-communication-lance\/#breadcrumb","itemListElement":[{"@type":"ListItem","position":1,"name":"Accueil","item":"https:\/\/asso.graie.org\/portail\/"},{"@type":"ListItem","position":2,"name":"I.S.Rivers 2018 &#8211; Recherches et Actions au service des fleuves et grandes rivi\u00e8res"}]},{"@type":"WebSite","@id":"https:\/\/asso.graie.org\/portail\/#website","url":"https:\/\/asso.graie.org\/portail\/","name":"Graie","description":"P\u00f4le Eau et Territoires","publisher":{"@id":"https:\/\/asso.graie.org\/portail\/#organization"},"potentialAction":[{"@type":"SearchAction","target":{"@type":"EntryPoint","urlTemplate":"https:\/\/asso.graie.org\/portail\/?s={search_term_string}"},"query-input":"required name=search_term_string"}],"inLanguage":"fr-FR"},{"@type":"Organization","@id":"https:\/\/asso.graie.org\/portail\/#organization","name":"Le Graie","url":"https:\/\/asso.graie.org\/portail\/","logo":{"@type":"ImageObject","inLanguage":"fr-FR","@id":"https:\/\/asso.graie.org\/portail\/#\/schema\/logo\/image\/","url":"https:\/\/asso.graie.org\/portail\/wp-content\/uploads\/2021\/12\/Logotype-Graie.png","contentUrl":"https:\/\/asso.graie.org\/portail\/wp-content\/uploads\/2021\/12\/Logotype-Graie.png","width":1890,"height":1181,"caption":"Le Graie"},"image":{"@id":"https:\/\/asso.graie.org\/portail\/#\/schema\/logo\/image\/"},"sameAs":["https:\/\/fr.linkedin.com\/company\/graie?trk=top_nav_home","https:\/\/www.youtube.com\/channel\/UCZQk0Tt7upYwERYNdDIZqLQ","https:\/\/twitter.com\/asso_graie"]},{"@type":"Person","@id":"https:\/\/asso.graie.org\/portail\/#\/schema\/person\/b7fb559684005d59490969faaa8fc42f","name":"Laure Dumonte","url":"https:\/\/asso.graie.org\/portail\/author\/sarahscarrott\/"}]}},"_links":{"self":[{"href":"https:\/\/asso.graie.org\/portail\/wp-json\/wp\/v2\/posts\/6574"}],"collection":[{"href":"https:\/\/asso.graie.org\/portail\/wp-json\/wp\/v2\/posts"}],"about":[{"href":"https:\/\/asso.graie.org\/portail\/wp-json\/wp\/v2\/types\/post"}],"author":[{"embeddable":true,"href":"https:\/\/asso.graie.org\/portail\/wp-json\/wp\/v2\/users\/3"}],"replies":[{"embeddable":true,"href":"https:\/\/asso.graie.org\/portail\/wp-json\/wp\/v2\/comments?post=6574"}],"version-history":[{"count":1,"href":"https:\/\/asso.graie.org\/portail\/wp-json\/wp\/v2\/posts\/6574\/revisions"}],"predecessor-version":[{"id":17819,"href":"https:\/\/asso.graie.org\/portail\/wp-json\/wp\/v2\/posts\/6574\/revisions\/17819"}],"wp:featuredmedia":[{"embeddable":true,"href":"https:\/\/asso.graie.org\/portail\/wp-json\/wp\/v2\/media\/6910"}],"wp:attachment":[{"href":"https:\/\/asso.graie.org\/portail\/wp-json\/wp\/v2\/media?parent=6574"}],"wp:term":[{"taxonomy":"category","embeddable":true,"href":"https:\/\/asso.graie.org\/portail\/wp-json\/wp\/v2\/categories?post=6574"},{"taxonomy":"post_tag","embeddable":true,"href":"https:\/\/asso.graie.org\/portail\/wp-json\/wp\/v2\/tags?post=6574"}],"curies":[{"name":"wp","href":"https:\/\/api.w.org\/{rel}","templated":true}]}}